{"id":19912,"date":"2026-09-02T07:12:50","date_gmt":"2026-09-02T10:12:50","guid":{"rendered":"https:\/\/faec.org.br\/sistema\/?p=19912"},"modified":"2026-09-02T07:12:50","modified_gmt":"2026-09-02T10:12:50","slug":"sistema-faec-senar-participa-do-ii-festival-do-camarao-do-vale-do-jaguaribe-em-aracati","status":"publish","type":"post","link":"https:\/\/faec.org.br\/sistema\/sistema-faec-senar-participa-do-ii-festival-do-camarao-do-vale-do-jaguaribe-em-aracati\/","title":{"rendered":"Sistema Faec\/Senar participa do II Festival do Camar\u00e3o do Vale do Jaguaribe, em Aracati"},"content":{"rendered":"<p><img loading=\"lazy\" decoding=\"async\" class=\"aligncenter size-full wp-image-19913\" src=\"https:\/\/faec.org.br\/sistema\/wp-content\/uploads\/2026\/09\/Festival-Camarao-Aracati.jpg\" alt=\"\" width=\"828\" height=\"554\" srcset=\"https:\/\/faec.org.br\/sistema\/wp-content\/uploads\/2026\/09\/Festival-Camarao-Aracati.jpg 828w, https:\/\/faec.org.br\/sistema\/wp-content\/uploads\/2026\/09\/Festival-Camarao-Aracati-300x201.jpg 300w, https:\/\/faec.org.br\/sistema\/wp-content\/uploads\/2026\/09\/Festival-Camarao-Aracati-768x514.jpg 768w, https:\/\/faec.org.br\/sistema\/wp-content\/uploads\/2026\/09\/Festival-Camarao-Aracati-24x16.jpg 24w, https:\/\/faec.org.br\/sistema\/wp-content\/uploads\/2026\/09\/Festival-Camarao-Aracati-36x24.jpg 36w, https:\/\/faec.org.br\/sistema\/wp-content\/uploads\/2026\/09\/Festival-Camarao-Aracati-48x32.jpg 48w\" sizes=\"auto, (max-width: 828px) 100vw, 828px\" \/><\/p>\n<p>Aracati recebe, nos dias 4 e 5 de setembro, a segunda edi\u00e7\u00e3o do Festival do Camar\u00e3o do Vale do Jaguaribe, evento que re\u00fane produtores, empres\u00e1rios, especialistas e interessados no setor da carcinicultura. A abertura acontece na sexta-feira, 4 de setembro, das 18h \u00e0s 19h, na Rua Grande.<\/p>\n<p>Realizado pela Associa\u00e7\u00e3o dos Produtores de Camar\u00e3o do Cear\u00e1 (APCC) em parceria com Sistema Faec\/Senar, Sebrae e Prefeitura de Aracati, o festival ter\u00e1 na programa\u00e7\u00e3o feira de neg\u00f3cios, feira gastron\u00f4mica, feira de artesanato, simp\u00f3sios t\u00e9cnico-cient\u00edfico, oficinas gastron\u00f4micas e de manejo, concurso gastron\u00f4mico e atendimento t\u00e9cnico a produtores.<\/p>\n<p><strong>Programa\u00e7\u00e3o t\u00e9cnica<\/strong><br \/>\nA programa\u00e7\u00e3o t\u00e9cnica ocorre nos dois dias, das 9h \u00e0s 17h, no Teatro Municipal Francisca Clotilde. As oficinas gastron\u00f4micas ser\u00e3o realizadas na Carreta do Agro do Sistema Faec\/Senar, no mesmo hor\u00e1rio. O mutir\u00e3o de licenciamentos acontece das 17h \u00e0s 22h, tamb\u00e9m na Carreta do Agro.<\/p>\n<p>Na Rua Grande, a Feira de Neg\u00f3cios e a Feira Gastron\u00f4mica funcionam nos dias 4 e 5, das 17h \u00e0s 22h. O Concurso Gastron\u00f4mico ser\u00e1 realizado no dia 5, das 18h \u00e0s 19h.<\/p>\n<p><strong>Servi\u00e7o:<\/strong><br \/>\nII Festival do Camar\u00e3o do Vale do Jaguaribe<br \/>\nData: 4 e 5 de setembro de 2026<br \/>\nLocal: Aracati (CE)<\/p>\n","protected":false},"excerpt":{"rendered":"<p>Aracati recebe, nos dias 4 e 5 de setembro, a segunda edi\u00e7\u00e3o do Festival do Camar\u00e3o do Vale do Jaguaribe, evento que re\u00fane produtores, empres\u00e1rios, especialistas e interessados no setor da carcinicultura. A abertura acontece na sexta-feira, 4 de setembro, das 18h \u00e0s 19h, na Rua Grande. Realizado pela Associa\u00e7\u00e3o dos Produtores de Camar\u00e3o do [&hellip;]<\/p>\n","protected":false},"author":1,"featured_media":19913,"comment_status":"open","ping_status":"open","sticky":false,"template":"","format":"standard","meta":{"footnotes":"","_links_to":"","_links_to_target":""},"categories":[23,5],"tags":[],"class_list":["post-19912","post","type-post","status-publish","format-standard","has-post-thumbnail","category-carcinicultura","category-noticias","czr-hentry"],"aioseo_notices":[],"_links":{"self":[{"href":"https:\/\/faec.org.br\/sistema\/wp-json\/wp\/v2\/posts\/19912","targetHints":{"allow":["GET"]}}],"collection":[{"href":"https:\/\/faec.org.br\/sistema\/wp-json\/wp\/v2\/posts"}],"about":[{"href":"https:\/\/faec.org.br\/sistema\/wp-json\/wp\/v2\/types\/post"}],"author":[{"embeddable":true,"href":"https:\/\/faec.org.br\/sistema\/wp-json\/wp\/v2\/users\/1"}],"replies":[{"embeddable":true,"href":"https:\/\/faec.org.br\/sistema\/wp-json\/wp\/v2\/comments?post=19912"}],"version-history":[{"count":1,"href":"https:\/\/faec.org.br\/sistema\/wp-json\/wp\/v2\/posts\/19912\/revisions"}],"predecessor-version":[{"id":19914,"href":"https:\/\/faec.org.br\/sistema\/wp-json\/wp\/v2\/posts\/19912\/revisions\/19914"}],"wp:featuredmedia":[{"embeddable":true,"href":"https:\/\/faec.org.br\/sistema\/wp-json\/wp\/v2\/media\/19913"}],"wp:attachment":[{"href":"https:\/\/faec.org.br\/sistema\/wp-json\/wp\/v2\/media?parent=19912"}],"wp:term":[{"taxonomy":"category","embeddable":true,"href":"https:\/\/faec.org.br\/sistema\/wp-json\/wp\/v2\/categories?post=19912"},{"taxonomy":"post_tag","embeddable":true,"href":"https:\/\/faec.org.br\/sistema\/wp-json\/wp\/v2\/tags?post=19912"}],"curies":[{"name":"wp","href":"https:\/\/api.w.org\/{rel}","templated":true}]}}