{"id":19731,"date":"2026-04-30T14:31:19","date_gmt":"2026-04-30T17:31:19","guid":{"rendered":"https:\/\/faec.org.br\/sistema\/?p=19731"},"modified":"2026-04-30T14:31:19","modified_gmt":"2026-04-30T17:31:19","slug":"cna-divulga-proposta-para-plano-safra-2026-2027","status":"publish","type":"post","link":"https:\/\/faec.org.br\/sistema\/cna-divulga-proposta-para-plano-safra-2026-2027\/","title":{"rendered":"CNA divulga proposta para Plano Safra 2026\/2027"},"content":{"rendered":"<p>A Confedera\u00e7\u00e3o da Agricultura e Pecu\u00e1ria do Brasil (CNA) divulgou, na ter\u00e7a (28), o documento com as dez propostas da entidade para o Plano Agr\u00edcola e Pecu\u00e1rio (PAP) 2026\/2027. O documento foi entregue pelo presidente da CNA, Jo\u00e3o Martins, ao ministro da Agricultura e Pecu\u00e1ria, Andr\u00e9 de Paula.<\/p>\n<p>No documento, a CNA destaca os pontos priorit\u00e1rios para o pr\u00f3ximo ciclo, com foco em iniciativas estruturantes como previsibilidade do or\u00e7amento, planejamento plurianual, e no fortalecimento da sa\u00fade financeira do produtor, nos instrumentos de renegocia\u00e7\u00e3o de d\u00edvidas, amplia\u00e7\u00e3o do acesso ao cr\u00e9dito e recursos para o seguro rural.<\/p>\n<p>As propostas foram constru\u00eddas em parceria com as Federa\u00e7\u00f5es estaduais de agricultura e pecu\u00e1ria, sindicatos e produtores rurais durante encontros realizados nas cinco regi\u00f5es brasileiras.<\/p>\n<p>A CNA destaca que o setor tem operado sob forte press\u00e3o de custos, juros elevados, restri\u00e7\u00f5es financeiras, clima altamente inst\u00e1vel e adverso e, por essas raz\u00f5es, vem mantendo a produ\u00e7\u00e3o \u00e0 custa de maior endividamento e redu\u00e7\u00e3o de margens.<\/p>\n<p>A entidade entende que a pol\u00edtica de cr\u00e9dito rural deve buscar solu\u00e7\u00f5es que conciliem liquidez ao produtor, mitiga\u00e7\u00e3o de riscos, instrumentos adequados de renegocia\u00e7\u00e3o e seguran\u00e7a institucional.<\/p>\n<p>\u201cA previsibilidade or\u00e7ament\u00e1ria, a compatibiliza\u00e7\u00e3o entre o OGU e o Plano Safra e a aloca\u00e7\u00e3o de recursos em volume adequado s\u00e3o condi\u00e7\u00f5es essenciais para dar seguran\u00e7a ao planejamento do agro e evitar descontinuidades em pol\u00edticas estruturantes para o setor\u201d, afirma o documento. (<em>da assessoria de comunica\u00e7\u00e3o da CNA<\/em>)<\/p>\n<p><strong>Veja as 10 propostas da CNA para o pr\u00f3ximo Plano Safra:<\/strong><\/p>\n<p>1 \u2013 Possibilitar a constru\u00e7\u00e3o de um novo modelo de Plano Agr\u00edcola e Pecu\u00e1rio Plurianual, com direcionamentos para programas priorit\u00e1rios;<\/p>\n<p>2 \u2013 Garantir R$ 4 bilh\u00f5es no or\u00e7amento do Programa de Subven\u00e7\u00e3o ao Pr\u00eamio do Seguro Rural (PSR) e a aprova\u00e7\u00e3o do Projeto de Lei n\u00ba 2.951\/2024, que prev\u00ea a moderniza\u00e7\u00e3o do seguro rural;<\/p>\n<p>3 \u2013 Assegurar efetivos R$ 623 bilh\u00f5es no Plano Agr\u00edcola e Pecu\u00e1rio 2026\/2027, sendo R$ 104,9 bilh\u00f5es destinados \u00e0 agricultura familiar e R$ 518,2 bilh\u00f5es \u00e0 agricultura empresarial, com recursos exclusivos do cr\u00e9dito rural tradicional;<\/p>\n<p>4 \u2013 Promover medidas de apoio \u00e0 sa\u00fade financeira do produtor rural e apoiar a aprova\u00e7\u00e3o do Projeto de Lei n\u00ba 5.122\/2023;<\/p>\n<p>5 \u2013 Atualizar e ampliar os limites de Renda Bruta Agropecu\u00e1ria (RBA) para enquadramento no Pronaf, no Pronamp e nas demais categorias de produtores;<\/p>\n<p>6 \u2013 Apoiar e assegurar a aprova\u00e7\u00e3o da proposta de nova Lei do Agro (\u201cLei do Agro 3\u201d);<\/p>\n<p>7 \u2013 Promover ajustes no ambiente de neg\u00f3cios do cr\u00e9dito rural, reduzindo burocracias, eliminando extrapola\u00e7\u00f5es infralegais e fortalecendo o combate \u00e0 venda casada;<\/p>\n<p>8 \u2013 Nos programas de investimento agropecu\u00e1rio, priorizar o RenovAgro, o PCA e o Proirriga;<\/p>\n<p>9 \u2013 Ampliar os fundos garantidores para opera\u00e7\u00f5es de custeio e investimento agropecu\u00e1rio;<\/p>\n<p>10 \u2013 Ampliar os mecanismos de financiamento privado do agro no mercado de capitais.<\/p>\n","protected":false},"excerpt":{"rendered":"<p>A Confedera\u00e7\u00e3o da Agricultura e Pecu\u00e1ria do Brasil (CNA) divulgou, na ter\u00e7a (28), o documento com as dez propostas da entidade para o Plano Agr\u00edcola e Pecu\u00e1rio (PAP) 2026\/2027. O documento foi entregue pelo presidente da CNA, Jo\u00e3o Martins, ao ministro da Agricultura e Pecu\u00e1ria, Andr\u00e9 de Paula. No documento, a CNA destaca os pontos [&hellip;]<\/p>\n","protected":false},"author":1,"featured_media":17243,"comment_status":"open","ping_status":"open","sticky":false,"template":"","format":"standard","meta":{"footnotes":"","_links_to":"","_links_to_target":""},"categories":[5],"tags":[],"class_list":{"0":"post-19731","1":"post","2":"type-post","3":"status-publish","4":"format-standard","5":"has-post-thumbnail","7":"category-noticias","8":"czr-hentry"},"aioseo_notices":[],"_links":{"self":[{"href":"https:\/\/faec.org.br\/sistema\/wp-json\/wp\/v2\/posts\/19731","targetHints":{"allow":["GET"]}}],"collection":[{"href":"https:\/\/faec.org.br\/sistema\/wp-json\/wp\/v2\/posts"}],"about":[{"href":"https:\/\/faec.org.br\/sistema\/wp-json\/wp\/v2\/types\/post"}],"author":[{"embeddable":true,"href":"https:\/\/faec.org.br\/sistema\/wp-json\/wp\/v2\/users\/1"}],"replies":[{"embeddable":true,"href":"https:\/\/faec.org.br\/sistema\/wp-json\/wp\/v2\/comments?post=19731"}],"version-history":[{"count":1,"href":"https:\/\/faec.org.br\/sistema\/wp-json\/wp\/v2\/posts\/19731\/revisions"}],"predecessor-version":[{"id":19732,"href":"https:\/\/faec.org.br\/sistema\/wp-json\/wp\/v2\/posts\/19731\/revisions\/19732"}],"wp:featuredmedia":[{"embeddable":true,"href":"https:\/\/faec.org.br\/sistema\/wp-json\/wp\/v2\/media\/17243"}],"wp:attachment":[{"href":"https:\/\/faec.org.br\/sistema\/wp-json\/wp\/v2\/media?parent=19731"}],"wp:term":[{"taxonomy":"category","embeddable":true,"href":"https:\/\/faec.org.br\/sistema\/wp-json\/wp\/v2\/categories?post=19731"},{"taxonomy":"post_tag","embeddable":true,"href":"https:\/\/faec.org.br\/sistema\/wp-json\/wp\/v2\/tags?post=19731"}],"curies":[{"name":"wp","href":"https:\/\/api.w.org\/{rel}","templated":true}]}}