{"id":19722,"date":"2026-04-30T07:55:28","date_gmt":"2026-04-30T10:55:28","guid":{"rendered":"https:\/\/faec.org.br\/sistema\/?p=19722"},"modified":"2026-04-30T07:55:28","modified_gmt":"2026-04-30T10:55:28","slug":"faec-e-crmv-ce-articulam-cooperacao-para-assegurar-bem-estar-animal-no-circuito-cearense-de-exposicoes-2026","status":"publish","type":"post","link":"https:\/\/faec.org.br\/sistema\/faec-e-crmv-ce-articulam-cooperacao-para-assegurar-bem-estar-animal-no-circuito-cearense-de-exposicoes-2026\/","title":{"rendered":"Faec e CRMV-CE articulam coopera\u00e7\u00e3o para assegurar bem-estar animal no Circuito Cearense de Exposi\u00e7\u00f5es 2026"},"content":{"rendered":"<p><img loading=\"lazy\" decoding=\"async\" class=\" wp-image-19723 alignleft\" src=\"http:\/\/faec.org.br\/sistema\/wp-content\/uploads\/2026\/04\/c353e501-047e-413f-b70b-042595fd0560.jpg\" alt=\"\" width=\"239\" height=\"319\" srcset=\"https:\/\/faec.org.br\/sistema\/wp-content\/uploads\/2026\/04\/c353e501-047e-413f-b70b-042595fd0560.jpg 1200w, https:\/\/faec.org.br\/sistema\/wp-content\/uploads\/2026\/04\/c353e501-047e-413f-b70b-042595fd0560-225x300.jpg 225w, https:\/\/faec.org.br\/sistema\/wp-content\/uploads\/2026\/04\/c353e501-047e-413f-b70b-042595fd0560-810x1080.jpg 810w, https:\/\/faec.org.br\/sistema\/wp-content\/uploads\/2026\/04\/c353e501-047e-413f-b70b-042595fd0560-768x1024.jpg 768w, https:\/\/faec.org.br\/sistema\/wp-content\/uploads\/2026\/04\/c353e501-047e-413f-b70b-042595fd0560-1152x1536.jpg 1152w, https:\/\/faec.org.br\/sistema\/wp-content\/uploads\/2026\/04\/c353e501-047e-413f-b70b-042595fd0560-18x24.jpg 18w, https:\/\/faec.org.br\/sistema\/wp-content\/uploads\/2026\/04\/c353e501-047e-413f-b70b-042595fd0560-27x36.jpg 27w, https:\/\/faec.org.br\/sistema\/wp-content\/uploads\/2026\/04\/c353e501-047e-413f-b70b-042595fd0560-36x48.jpg 36w\" sizes=\"auto, (max-width: 239px) 100vw, 239px\" \/><\/p>\n<p>A Federa\u00e7\u00e3o da Agricultura e Pecu\u00e1ria do Estado do Cear\u00e1 (Faec) est\u00e1 elaborando, por meio da comiss\u00e3o organizadora do Circuito Cearense de Exposi\u00e7\u00f5es, um termo de coopera\u00e7\u00e3o t\u00e9cnica com o Conselho Regional de Medicina Veterin\u00e1ria do Estado do Cear\u00e1 (CRMV-CE) com o objetivo de garantir o bem-estar animal nas nove etapas do circuito previstas para 2026.<\/p>\n<p>Na quarta-feira (29), o supervisor t\u00e9cnico do Senar e coordenador do grupo gestor do circuito, Eduardo Barroso, reuniu-se com representantes do CRMV-CE para discutir a capacita\u00e7\u00e3o de profissionais de medicina veterin\u00e1ria, tratadores e expositores que atuar\u00e3o nos eventos.<\/p>\n<p>O Circuito Cearense de Exposi\u00e7\u00f5es 2026 ser\u00e1 composto por nove feiras agropecu\u00e1rias em diferentes munic\u00edpios do estado, incluindo eventos \u00e2ncora na capital, como a PEC Brasil e a Expoece, al\u00e9m de etapas em cidades como Crate\u00fas e Crato. A iniciativa busca promover a profissionaliza\u00e7\u00e3o das exposi\u00e7\u00f5es, com \u00eanfase na gera\u00e7\u00e3o de neg\u00f3cios, premia\u00e7\u00f5es e fortalecimento do produtor rural.<\/p>\n<p>A estrutura do projeto prev\u00ea padroniza\u00e7\u00e3o operacional, governan\u00e7a compartilhada, fortalecimento de marca e aumento da credibilidade. As prefeituras ficar\u00e3o respons\u00e1veis pela infraestrutura dos eventos, enquanto a Faec coordenar\u00e1 julgamentos e premia\u00e7\u00f5es.<\/p>\n<p>A entidade projeta a expans\u00e3o do circuito para dez eventos em 2027 e trabalha para consolid\u00e1-lo como refer\u00eancia regional. A sele\u00e7\u00e3o dos munic\u00edpios participantes foi baseada na demanda apresentada pelos pr\u00f3prios produtores.<\/p>\n","protected":false},"excerpt":{"rendered":"<p>A Federa\u00e7\u00e3o da Agricultura e Pecu\u00e1ria do Estado do Cear\u00e1 (Faec) est\u00e1 elaborando, por meio da comiss\u00e3o organizadora do Circuito Cearense de Exposi\u00e7\u00f5es, um termo de coopera\u00e7\u00e3o t\u00e9cnica com o Conselho Regional de Medicina Veterin\u00e1ria do Estado do Cear\u00e1 (CRMV-CE) com o objetivo de garantir o bem-estar animal nas nove etapas do circuito previstas para [&hellip;]<\/p>\n","protected":false},"author":1,"featured_media":19724,"comment_status":"open","ping_status":"open","sticky":false,"template":"","format":"standard","meta":{"footnotes":"","_links_to":"","_links_to_target":""},"categories":[5],"tags":[],"class_list":{"0":"post-19722","1":"post","2":"type-post","3":"status-publish","4":"format-standard","5":"has-post-thumbnail","7":"category-noticias","8":"czr-hentry"},"aioseo_notices":[],"_links":{"self":[{"href":"https:\/\/faec.org.br\/sistema\/wp-json\/wp\/v2\/posts\/19722","targetHints":{"allow":["GET"]}}],"collection":[{"href":"https:\/\/faec.org.br\/sistema\/wp-json\/wp\/v2\/posts"}],"about":[{"href":"https:\/\/faec.org.br\/sistema\/wp-json\/wp\/v2\/types\/post"}],"author":[{"embeddable":true,"href":"https:\/\/faec.org.br\/sistema\/wp-json\/wp\/v2\/users\/1"}],"replies":[{"embeddable":true,"href":"https:\/\/faec.org.br\/sistema\/wp-json\/wp\/v2\/comments?post=19722"}],"version-history":[{"count":1,"href":"https:\/\/faec.org.br\/sistema\/wp-json\/wp\/v2\/posts\/19722\/revisions"}],"predecessor-version":[{"id":19725,"href":"https:\/\/faec.org.br\/sistema\/wp-json\/wp\/v2\/posts\/19722\/revisions\/19725"}],"wp:featuredmedia":[{"embeddable":true,"href":"https:\/\/faec.org.br\/sistema\/wp-json\/wp\/v2\/media\/19724"}],"wp:attachment":[{"href":"https:\/\/faec.org.br\/sistema\/wp-json\/wp\/v2\/media?parent=19722"}],"wp:term":[{"taxonomy":"category","embeddable":true,"href":"https:\/\/faec.org.br\/sistema\/wp-json\/wp\/v2\/categories?post=19722"},{"taxonomy":"post_tag","embeddable":true,"href":"https:\/\/faec.org.br\/sistema\/wp-json\/wp\/v2\/tags?post=19722"}],"curies":[{"name":"wp","href":"https:\/\/api.w.org\/{rel}","templated":true}]}}