{"id":19714,"date":"2026-04-29T07:35:39","date_gmt":"2026-04-29T10:35:39","guid":{"rendered":"https:\/\/faec.org.br\/sistema\/?p=19714"},"modified":"2026-04-29T07:58:54","modified_gmt":"2026-04-29T10:58:54","slug":"o-fim-de-escala-6x1-e-a-realidade-produtiva","status":"publish","type":"post","link":"https:\/\/faec.org.br\/sistema\/o-fim-de-escala-6x1-e-a-realidade-produtiva\/","title":{"rendered":"&#8220;O fim de escala 6&#215;1 e a realidade produtiva&#8221;, por Raimundo Feitosa"},"content":{"rendered":"<p><strong><img loading=\"lazy\" decoding=\"async\" class=\" wp-image-19715 alignleft\" src=\"http:\/\/faec.org.br\/sistema\/wp-content\/uploads\/2026\/04\/Raimundo-Feitosa.jpg\" alt=\"\" width=\"243\" height=\"243\" \/>O fim de escala 6&#215;1 e a realidade produtiva<\/strong><\/p>\n<p><em>Por Raimundo Feitosa, assessor jur\u00eddico do Sistema Faec\/Senar<\/em><\/p>\n<p>O debate sobre o fim da escala 6&#215;1 e a redu\u00e7\u00e3o da jornada semanal voltou ao centro das discuss\u00f5es no Congresso com a PEC que re\u00fane propostas de reorganiza\u00e7\u00e3o do tempo de trabalho, como a ado\u00e7\u00e3o de 40 horas semanais e a escala 5&#215;2, defendida pelo governo. O tema ganha for\u00e7a por envolver, ao mesmo tempo, a melhoria das condi\u00e7\u00f5es do trabalhador e a necessidade de preservar a competitividade dos setores produtivos, muitos j\u00e1 pressionados por custos elevados.<\/p>\n<p>Os debates na Comiss\u00e3o Especial instalada na \u00faltima sexta (24) na C\u00e2mara tendem a ser intensos, especialmente em ano eleitoral, e porque as mudan\u00e7as sugeridas devem aumentar o impacto financeiro sobre diferentes segmentos da economia.<\/p>\n<p>O desafio surge quando a reorganiza\u00e7\u00e3o \u00e9 aplicada de forma uniforme a setores com din\u00e2micas pr\u00f3prias, como o agroneg\u00f3cio, cuja produ\u00e7\u00e3o depende de ciclos biol\u00f3gicos, varia\u00e7\u00f5es clim\u00e1ticas, sazonalidade, picos de trabalho em fins de semana, colheitas concentradas e manejo cont\u00ednuo de animais e plantas. S\u00e3o atividades que n\u00e3o admitem interrup\u00e7\u00e3o sem perdas econ\u00f4micas, sanit\u00e1rias ou log\u00edsticas significativas. A cadeia agroindustrial tamb\u00e9m exige funcionamento ininterrupto para evitar desperd\u00edcios e garantir o fluxo de produtos perec\u00edveis.<\/p>\n<p>Ignorar essas especificidades tende a elevar custos, reduzir efici\u00eancia e afetar empregos. Por isso, o setor prim\u00e1rio, assim como outros, defende um modelo gradual e flex\u00edvel, baseado em transi\u00e7\u00e3o escalonada, negocia\u00e7\u00e3o coletiva e regras diferenciadas que considerem a diversidade econ\u00f4mica. Entre as alternativas est\u00e3o prazos de adapta\u00e7\u00e3o, ajustes de escalas, compensa\u00e7\u00f5es tribut\u00e1rias e par\u00e2metros ajustados para atividades sens\u00edveis. Sem esse equil\u00edbrio, corre-se o risco de transformar uma pauta de avan\u00e7o social em fator de inseguran\u00e7a e instabilidade.<\/p>\n<p>A moderniza\u00e7\u00e3o regulat\u00f3ria \u00e9 poss\u00edvel, desde que constru\u00edda com di\u00e1logo e respeito \u00e0s realidades produtivas, especialmente a do campo, cuja din\u00e2mica sustenta a seguran\u00e7a alimentar e impulsiona o desenvolvimento nacional.<\/p>\n","protected":false},"excerpt":{"rendered":"<p>O fim de escala 6&#215;1 e a realidade produtiva Por Raimundo Feitosa, assessor jur\u00eddico do Sistema Faec\/Senar O debate sobre o fim da escala 6&#215;1 e a redu\u00e7\u00e3o da jornada semanal voltou ao centro das discuss\u00f5es no Congresso com a PEC que re\u00fane propostas de reorganiza\u00e7\u00e3o do tempo de trabalho, como a ado\u00e7\u00e3o de 40 [&hellip;]<\/p>\n","protected":false},"author":1,"featured_media":19720,"comment_status":"open","ping_status":"open","sticky":false,"template":"","format":"standard","meta":{"footnotes":"","_links_to":"","_links_to_target":""},"categories":[5],"tags":[],"class_list":{"0":"post-19714","1":"post","2":"type-post","3":"status-publish","4":"format-standard","5":"has-post-thumbnail","7":"category-noticias","8":"czr-hentry"},"aioseo_notices":[],"_links":{"self":[{"href":"https:\/\/faec.org.br\/sistema\/wp-json\/wp\/v2\/posts\/19714","targetHints":{"allow":["GET"]}}],"collection":[{"href":"https:\/\/faec.org.br\/sistema\/wp-json\/wp\/v2\/posts"}],"about":[{"href":"https:\/\/faec.org.br\/sistema\/wp-json\/wp\/v2\/types\/post"}],"author":[{"embeddable":true,"href":"https:\/\/faec.org.br\/sistema\/wp-json\/wp\/v2\/users\/1"}],"replies":[{"embeddable":true,"href":"https:\/\/faec.org.br\/sistema\/wp-json\/wp\/v2\/comments?post=19714"}],"version-history":[{"count":4,"href":"https:\/\/faec.org.br\/sistema\/wp-json\/wp\/v2\/posts\/19714\/revisions"}],"predecessor-version":[{"id":19721,"href":"https:\/\/faec.org.br\/sistema\/wp-json\/wp\/v2\/posts\/19714\/revisions\/19721"}],"wp:featuredmedia":[{"embeddable":true,"href":"https:\/\/faec.org.br\/sistema\/wp-json\/wp\/v2\/media\/19720"}],"wp:attachment":[{"href":"https:\/\/faec.org.br\/sistema\/wp-json\/wp\/v2\/media?parent=19714"}],"wp:term":[{"taxonomy":"category","embeddable":true,"href":"https:\/\/faec.org.br\/sistema\/wp-json\/wp\/v2\/categories?post=19714"},{"taxonomy":"post_tag","embeddable":true,"href":"https:\/\/faec.org.br\/sistema\/wp-json\/wp\/v2\/tags?post=19714"}],"curies":[{"name":"wp","href":"https:\/\/api.w.org\/{rel}","templated":true}]}}