{"id":19555,"date":"2025-12-19T15:07:25","date_gmt":"2025-12-19T18:07:25","guid":{"rendered":"https:\/\/faec.org.br\/sistema\/?p=19555"},"modified":"2025-12-19T15:09:44","modified_gmt":"2025-12-19T18:09:44","slug":"amilcar-silveira-toma-posse-como-presidente-da-faec-para-o-quadrienio-2026-2029","status":"publish","type":"post","link":"https:\/\/faec.org.br\/sistema\/amilcar-silveira-toma-posse-como-presidente-da-faec-para-o-quadrienio-2026-2029\/","title":{"rendered":"Am\u00edlcar Silveira toma posse como presidente da Faec para o quadri\u00eanio 2026\u20132029"},"content":{"rendered":"<p><img loading=\"lazy\" decoding=\"async\" class=\"aligncenter size-full wp-image-19556\" src=\"http:\/\/faec.org.br\/sistema\/wp-content\/uploads\/2025\/12\/Posse4.jpg\" alt=\"\" width=\"1280\" height=\"847\" srcset=\"https:\/\/faec.org.br\/sistema\/wp-content\/uploads\/2025\/12\/Posse4.jpg 1280w, https:\/\/faec.org.br\/sistema\/wp-content\/uploads\/2025\/12\/Posse4-300x199.jpg 300w, https:\/\/faec.org.br\/sistema\/wp-content\/uploads\/2025\/12\/Posse4-768x508.jpg 768w, https:\/\/faec.org.br\/sistema\/wp-content\/uploads\/2025\/12\/Posse4-24x16.jpg 24w, https:\/\/faec.org.br\/sistema\/wp-content\/uploads\/2025\/12\/Posse4-36x24.jpg 36w, https:\/\/faec.org.br\/sistema\/wp-content\/uploads\/2025\/12\/Posse4-48x32.jpg 48w\" sizes=\"auto, (max-width: 1280px) 100vw, 1280px\" \/><\/p>\n<p>Reeleito por aclama\u00e7\u00e3o no \u00faltimo dia 28 de novembro, o presidente da Federa\u00e7\u00e3o da Agricultura e Pecu\u00e1ria do Estado do Cear\u00e1 (Faec), Am\u00edlcar Silveira, tomou posse nesta sexta-feira (19) para o mandato referente ao quadri\u00eanio 2026\u20132029. Al\u00e9m da Diretoria Executiva, tomaram posse os novos vice-presidentes regionais e os membros do Conselho Fiscal.<\/p>\n<p>A cerim\u00f4nia de posse reuniu representantes de entidades do agro, do setor privado, produtores rurais, presidentes de sindicatos rurais, diretores e integrantes do Sistema Faec\/Senar.<\/p>\n<p>Em seu discurso, Am\u00edlcar Silveira destacou o reconhecimento ao trabalho coletivo da institui\u00e7\u00e3o e refor\u00e7ou os desafios que se imp\u00f5em para o pr\u00f3ximo ano. Ao comentar o convite para assumir a diretoria da Confedera\u00e7\u00e3o da Agricultura e Pecu\u00e1ria do Brasil (CNA), afirmou que a indica\u00e7\u00e3o \u00e9 resultado do desempenho da Faec e ressaltou que a nova fun\u00e7\u00e3o amplia a responsabilidade de todos os que comp\u00f5em o Sistema Faec\/Senar.<\/p>\n<p>O presidente da Faec lembrou, ainda, que a atua\u00e7\u00e3o da entidade deve estar sempre voltada ao atendimento das demandas do produtor rural. \u201cO produtor rural est\u00e1 esperando por n\u00f3s. Quem trabalha no Sistema Faec\/Senar tem que servir aos produtores rurais\u201d, afirmou Am\u00edlcar, ao defender que a institui\u00e7\u00e3o tem papel fundamental na transforma\u00e7\u00e3o e no fortalecimento do agroneg\u00f3cio cearense.<\/p>\n<p>No dia 9 de dezembro, Am\u00edlcar Silveira tomou posse como integrante da Diretoria Executiva da Confedera\u00e7\u00e3o da Agricultura e Pecu\u00e1ria do Brasil (CNA) para o quadri\u00eanio 2026\u20132029. A cerim\u00f4nia, realizada em Bras\u00edlia (DF), oficializou a recondu\u00e7\u00e3o de Jo\u00e3o Martins \u00e0 presid\u00eancia da entidade.<\/p>\n<p><img loading=\"lazy\" decoding=\"async\" class=\"aligncenter size-full wp-image-19557\" src=\"http:\/\/faec.org.br\/sistema\/wp-content\/uploads\/2025\/12\/Posse3.jpg\" alt=\"\" width=\"1280\" height=\"960\" srcset=\"https:\/\/faec.org.br\/sistema\/wp-content\/uploads\/2025\/12\/Posse3.jpg 1280w, https:\/\/faec.org.br\/sistema\/wp-content\/uploads\/2025\/12\/Posse3-300x225.jpg 300w, https:\/\/faec.org.br\/sistema\/wp-content\/uploads\/2025\/12\/Posse3-768x576.jpg 768w, https:\/\/faec.org.br\/sistema\/wp-content\/uploads\/2025\/12\/Posse3-24x18.jpg 24w, https:\/\/faec.org.br\/sistema\/wp-content\/uploads\/2025\/12\/Posse3-36x27.jpg 36w, https:\/\/faec.org.br\/sistema\/wp-content\/uploads\/2025\/12\/Posse3-48x36.jpg 48w\" sizes=\"auto, (max-width: 1280px) 100vw, 1280px\" \/><\/p>\n<p><strong>Diretoria Executiva<\/strong><br \/>\nPresidente: Am\u00edlcar Silveira<br \/>\n1\u00ba vice-presidente: Candice Rangel<br \/>\nVice-presidente de Administra\u00e7\u00e3o e Finan\u00e7as: Francisco Almir Severo<\/p>\n<p><strong>Vice-presidentes regionais<\/strong><br \/>\nJonas Campelo Nogueira (Maci\u00e7o de Baturit\u00e9)<br \/>\nAlexandre Magnum Leorne Pontes (Litoral Oeste)<br \/>\nM\u00e1rio David Ferreira Dias (Regi\u00e3o Norte)<br \/>\nWilame Reis Mapurunga (Regi\u00e3o Ibiapaba)<br \/>\nAnt\u00f4nio Narc\u00e9lio de Oliveira Gomes (Sert\u00e3o dos Inhamuns)<br \/>\nFrancisco Dan\u00fabio de Alencar (Sert\u00e3o Central)<br \/>\nJos\u00e9 Auriberto Pinheiro (M\u00e9dio Jaguaribe)<br \/>\nJos\u00e9 Art\u00e1lio Barroso Leite (Regi\u00e3o do Cariri)<br \/>\nFrancisco Jos\u00e9 de Sousa (Litoral Leste)<br \/>\nAlberlucia Bezerra Queiroz Magalh\u00e3es (Centro-Sul)<br \/>\nLuiz Mendes de Sousa Andrade (Baixo Jaguaribe)<\/p>\n<p><strong>Conselho Fiscal<\/strong><br \/>\nEfetivos:<br \/>\nJo\u00e3o Ossian Dias<br \/>\nEug\u00eanio Mendes Martins<br \/>\nMoacir Gomes de Sousa<\/p>\n<p>Suplentes:<br \/>\nJos\u00e9 Gon\u00e7alves Feitosa<br \/>\nJos\u00e9 Ferreira Lima<br \/>\nEmerson Pinto Moreira<\/p>\n","protected":false},"excerpt":{"rendered":"<p>Reeleito por aclama\u00e7\u00e3o no \u00faltimo dia 28 de novembro, o presidente da Federa\u00e7\u00e3o da Agricultura e Pecu\u00e1ria do Estado do Cear\u00e1 (Faec), Am\u00edlcar Silveira, tomou posse nesta sexta-feira (19) para o mandato referente ao quadri\u00eanio 2026\u20132029. Al\u00e9m da Diretoria Executiva, tomaram posse os novos vice-presidentes regionais e os membros do Conselho Fiscal. A cerim\u00f4nia de [&hellip;]<\/p>\n","protected":false},"author":1,"featured_media":19559,"comment_status":"open","ping_status":"open","sticky":false,"template":"","format":"standard","meta":{"footnotes":"","_links_to":"","_links_to_target":""},"categories":[5],"tags":[],"class_list":{"0":"post-19555","1":"post","2":"type-post","3":"status-publish","4":"format-standard","5":"has-post-thumbnail","7":"category-noticias","8":"czr-hentry"},"aioseo_notices":[],"_links":{"self":[{"href":"https:\/\/faec.org.br\/sistema\/wp-json\/wp\/v2\/posts\/19555","targetHints":{"allow":["GET"]}}],"collection":[{"href":"https:\/\/faec.org.br\/sistema\/wp-json\/wp\/v2\/posts"}],"about":[{"href":"https:\/\/faec.org.br\/sistema\/wp-json\/wp\/v2\/types\/post"}],"author":[{"embeddable":true,"href":"https:\/\/faec.org.br\/sistema\/wp-json\/wp\/v2\/users\/1"}],"replies":[{"embeddable":true,"href":"https:\/\/faec.org.br\/sistema\/wp-json\/wp\/v2\/comments?post=19555"}],"version-history":[{"count":1,"href":"https:\/\/faec.org.br\/sistema\/wp-json\/wp\/v2\/posts\/19555\/revisions"}],"predecessor-version":[{"id":19558,"href":"https:\/\/faec.org.br\/sistema\/wp-json\/wp\/v2\/posts\/19555\/revisions\/19558"}],"wp:featuredmedia":[{"embeddable":true,"href":"https:\/\/faec.org.br\/sistema\/wp-json\/wp\/v2\/media\/19559"}],"wp:attachment":[{"href":"https:\/\/faec.org.br\/sistema\/wp-json\/wp\/v2\/media?parent=19555"}],"wp:term":[{"taxonomy":"category","embeddable":true,"href":"https:\/\/faec.org.br\/sistema\/wp-json\/wp\/v2\/categories?post=19555"},{"taxonomy":"post_tag","embeddable":true,"href":"https:\/\/faec.org.br\/sistema\/wp-json\/wp\/v2\/tags?post=19555"}],"curies":[{"name":"wp","href":"https:\/\/api.w.org\/{rel}","templated":true}]}}