{"id":19544,"date":"2025-12-18T09:07:49","date_gmt":"2025-12-18T12:07:49","guid":{"rendered":"https:\/\/faec.org.br\/sistema\/?p=19544"},"modified":"2025-12-18T09:12:59","modified_gmt":"2025-12-18T12:12:59","slug":"faec-completa-60-anos-de-atuacao-em-defesa-do-produtor-rural-no-ceara","status":"publish","type":"post","link":"https:\/\/faec.org.br\/sistema\/faec-completa-60-anos-de-atuacao-em-defesa-do-produtor-rural-no-ceara\/","title":{"rendered":"Faec completa 60 anos de atua\u00e7\u00e3o em defesa do produtor rural no Cear\u00e1"},"content":{"rendered":"<p><img loading=\"lazy\" decoding=\"async\" class=\"aligncenter size-full wp-image-19545\" src=\"http:\/\/faec.org.br\/sistema\/wp-content\/uploads\/2025\/12\/Faec1-scaled.jpg\" alt=\"\" width=\"2560\" height=\"1920\" srcset=\"https:\/\/faec.org.br\/sistema\/wp-content\/uploads\/2025\/12\/Faec1-scaled.jpg 2560w, https:\/\/faec.org.br\/sistema\/wp-content\/uploads\/2025\/12\/Faec1-300x225.jpg 300w, https:\/\/faec.org.br\/sistema\/wp-content\/uploads\/2025\/12\/Faec1-1440x1080.jpg 1440w, https:\/\/faec.org.br\/sistema\/wp-content\/uploads\/2025\/12\/Faec1-768x576.jpg 768w, https:\/\/faec.org.br\/sistema\/wp-content\/uploads\/2025\/12\/Faec1-1536x1152.jpg 1536w, https:\/\/faec.org.br\/sistema\/wp-content\/uploads\/2025\/12\/Faec1-2048x1536.jpg 2048w, https:\/\/faec.org.br\/sistema\/wp-content\/uploads\/2025\/12\/Faec1-24x18.jpg 24w, https:\/\/faec.org.br\/sistema\/wp-content\/uploads\/2025\/12\/Faec1-36x27.jpg 36w, https:\/\/faec.org.br\/sistema\/wp-content\/uploads\/2025\/12\/Faec1-48x36.jpg 48w\" sizes=\"auto, (max-width: 2560px) 100vw, 2560px\" \/><\/p>\n<p>No dia 16 de dezembro, a Federa\u00e7\u00e3o da Agricultura e Pecu\u00e1ria do Estado do Cear\u00e1 (Faec) completou 60 anos de atua\u00e7\u00e3o institucional. Ao longo desse per\u00edodo, a entidade consolidou-se como principal representante dos produtores rurais e como articuladora do setor agropecu\u00e1rio no Estado.<\/p>\n<p>\u00c0 frente da Federa\u00e7\u00e3o desde 2022, com mandato renovado por mais quatro anos, o presidente Am\u00edlcar Silveira destacou o papel da institui\u00e7\u00e3o ao longo de sua trajet\u00f3ria. \u201cA Federa\u00e7\u00e3o da Agricultura e Pecu\u00e1ria do Estado do Cear\u00e1 faz 60 anos e estamos trabalhando firmes para os pr\u00f3ximos 60 anos\u201d, afirmou, ao refor\u00e7ar o compromisso com a continuidade do trabalho desenvolvido desde a funda\u00e7\u00e3o da entidade.<\/p>\n<p>Am\u00edlcar Silveira agradeceu a colabora\u00e7\u00e3o de todos que participaram da constru\u00e7\u00e3o da hist\u00f3ria da Faec. &#8220;\u00c9 preciso agradecer aos produtores rurais e aos colaboradores do Senar, da Federa\u00e7\u00e3o da Agricultura, aos t\u00e9cnicos de campo, aos instrutores e aos parceiros que nos ajudam no dia a dia&#8221;, disse.<\/p>\n<p>Ele mencionou ainda o trabalho das gest\u00f5es anteriores na consolida\u00e7\u00e3o da institui\u00e7\u00e3o. \u201cS\u00e3o 60 anos gra\u00e7as aos presidentes que passaram por aqui e constru\u00edram a Federa\u00e7\u00e3o da Agricultura\u201d, disse, ao citar Fl\u00e1vio Saboya e Torres de Melo. &#8220;A Federa\u00e7\u00e3o da Agricultura est\u00e1 mais viva do que nunca. Espero e pe\u00e7o a Deus pelo menos mais 60 anos para a Federa\u00e7\u00e3o da Agricultura.&#8221;<\/p>\n<div style=\"width: 848px;\" class=\"wp-video\"><video class=\"wp-video-shortcode\" id=\"video-19544-1\" width=\"848\" height=\"480\" preload=\"metadata\" controls=\"controls\"><source type=\"video\/mp4\" src=\"http:\/\/faec.org.br\/sistema\/wp-content\/uploads\/2025\/12\/Amilcar.60.anos_.mp4?_=1\" \/><a href=\"http:\/\/faec.org.br\/sistema\/wp-content\/uploads\/2025\/12\/Amilcar.60.anos_.mp4\">http:\/\/faec.org.br\/sistema\/wp-content\/uploads\/2025\/12\/Amilcar.60.anos_.mp4<\/a><\/video><\/div>\n","protected":false},"excerpt":{"rendered":"<p>No dia 16 de dezembro, a Federa\u00e7\u00e3o da Agricultura e Pecu\u00e1ria do Estado do Cear\u00e1 (Faec) completou 60 anos de atua\u00e7\u00e3o institucional. Ao longo desse per\u00edodo, a entidade consolidou-se como principal representante dos produtores rurais e como articuladora do setor agropecu\u00e1rio no Estado. \u00c0 frente da Federa\u00e7\u00e3o desde 2022, com mandato renovado por mais quatro [&hellip;]<\/p>\n","protected":false},"author":1,"featured_media":19549,"comment_status":"open","ping_status":"open","sticky":false,"template":"","format":"standard","meta":{"footnotes":"","_links_to":"","_links_to_target":""},"categories":[5],"tags":[],"class_list":{"0":"post-19544","1":"post","2":"type-post","3":"status-publish","4":"format-standard","5":"has-post-thumbnail","7":"category-noticias","8":"czr-hentry"},"aioseo_notices":[],"_links":{"self":[{"href":"https:\/\/faec.org.br\/sistema\/wp-json\/wp\/v2\/posts\/19544","targetHints":{"allow":["GET"]}}],"collection":[{"href":"https:\/\/faec.org.br\/sistema\/wp-json\/wp\/v2\/posts"}],"about":[{"href":"https:\/\/faec.org.br\/sistema\/wp-json\/wp\/v2\/types\/post"}],"author":[{"embeddable":true,"href":"https:\/\/faec.org.br\/sistema\/wp-json\/wp\/v2\/users\/1"}],"replies":[{"embeddable":true,"href":"https:\/\/faec.org.br\/sistema\/wp-json\/wp\/v2\/comments?post=19544"}],"version-history":[{"count":1,"href":"https:\/\/faec.org.br\/sistema\/wp-json\/wp\/v2\/posts\/19544\/revisions"}],"predecessor-version":[{"id":19547,"href":"https:\/\/faec.org.br\/sistema\/wp-json\/wp\/v2\/posts\/19544\/revisions\/19547"}],"wp:featuredmedia":[{"embeddable":true,"href":"https:\/\/faec.org.br\/sistema\/wp-json\/wp\/v2\/media\/19549"}],"wp:attachment":[{"href":"https:\/\/faec.org.br\/sistema\/wp-json\/wp\/v2\/media?parent=19544"}],"wp:term":[{"taxonomy":"category","embeddable":true,"href":"https:\/\/faec.org.br\/sistema\/wp-json\/wp\/v2\/categories?post=19544"},{"taxonomy":"post_tag","embeddable":true,"href":"https:\/\/faec.org.br\/sistema\/wp-json\/wp\/v2\/tags?post=19544"}],"curies":[{"name":"wp","href":"https:\/\/api.w.org\/{rel}","templated":true}]}}