{"id":19326,"date":"2025-09-17T10:11:51","date_gmt":"2025-09-17T13:11:51","guid":{"rendered":"https:\/\/faec.org.br\/sistema\/?p=19326"},"modified":"2025-09-17T10:11:51","modified_gmt":"2025-09-17T13:11:51","slug":"producao-agricola-do-ceara-atinge-recorde-de-r-61-bilhoes-em-2024-aponta-ibge","status":"publish","type":"post","link":"https:\/\/faec.org.br\/sistema\/producao-agricola-do-ceara-atinge-recorde-de-r-61-bilhoes-em-2024-aponta-ibge\/","title":{"rendered":"Produ\u00e7\u00e3o agr\u00edcola do Cear\u00e1 atinge recorde de R$ 6,1 bilh\u00f5es em 2024, aponta IBGE"},"content":{"rendered":"<p><img loading=\"lazy\" decoding=\"async\" class=\"aligncenter size-full wp-image-19259\" src=\"http:\/\/faec.org.br\/sistema\/wp-content\/uploads\/2025\/08\/Batata-Doce.jpg\" alt=\"\" width=\"600\" height=\"391\" srcset=\"https:\/\/faec.org.br\/sistema\/wp-content\/uploads\/2025\/08\/Batata-Doce.jpg 600w, https:\/\/faec.org.br\/sistema\/wp-content\/uploads\/2025\/08\/Batata-Doce-300x196.jpg 300w, https:\/\/faec.org.br\/sistema\/wp-content\/uploads\/2025\/08\/Batata-Doce-24x16.jpg 24w, https:\/\/faec.org.br\/sistema\/wp-content\/uploads\/2025\/08\/Batata-Doce-36x23.jpg 36w, https:\/\/faec.org.br\/sistema\/wp-content\/uploads\/2025\/08\/Batata-Doce-48x31.jpg 48w\" sizes=\"auto, (max-width: 600px) 100vw, 600px\" \/><\/p>\n<p>A produ\u00e7\u00e3o agr\u00edcola do Cear\u00e1 alcan\u00e7ou um valor recorde de R$ 6,1 bilh\u00f5es em 2024, representando um crescimento de 22,9% em rela\u00e7\u00e3o ao ano anterior, conforme dados divulgados pelo IBGE na Produ\u00e7\u00e3o Agr\u00edcola Municipal (PAM). O aumento foi impulsionado principalmente pela cultura da banana, que registrou um incremento de 45,3% no valor de produ\u00e7\u00e3o, alcan\u00e7ando R$ 905,3 milh\u00f5es e consolidando-se como principal produto agr\u00edcola do estado.<\/p>\n<p>Guaraciaba do Norte manteve a lideran\u00e7a como maior munic\u00edpio produtor agr\u00edcola do Cear\u00e1 pela s\u00e9tima vez consecutiva, com participa\u00e7\u00e3o de 6,2% no valor estadual, totalizando R$ 381,1 milh\u00f5es. O munic\u00edpio destacou-se especialmente na produ\u00e7\u00e3o de tomate, al\u00e9m de ser expressivo produtor de cana-de-a\u00e7\u00facar e batata-doce. S\u00e3o Benedito e Tiangu\u00e1 ocuparam as segunda e terceira posi\u00e7\u00f5es, com relev\u00e2ncia na produ\u00e7\u00e3o de batata-doce e maracuj\u00e1, respectivamente.<\/p>\n<p>Apesar da redu\u00e7\u00e3o de 1,7% na \u00e1rea plantada, a produtividade e a valoriza\u00e7\u00e3o dos produtos evidenciam o avan\u00e7o t\u00e9cnico do setor. \u201cO aumento de 22,9% na produ\u00e7\u00e3o agr\u00edcola reflete o avan\u00e7o t\u00e9cnico do agro cearense e o protagonismo da regi\u00e3o da Ibiapaba no segmento de FLV (frutas, legumes e verduras)\u201d, afirmou Am\u00edlcar Silveira, presidente da Federa\u00e7\u00e3o da Agricultura e Pecu\u00e1ria do Estado do Cear\u00e1 (Faec).<\/p>\n","protected":false},"excerpt":{"rendered":"<p>A produ\u00e7\u00e3o agr\u00edcola do Cear\u00e1 alcan\u00e7ou um valor recorde de R$ 6,1 bilh\u00f5es em 2024, representando um crescimento de 22,9% em rela\u00e7\u00e3o ao ano anterior, conforme dados divulgados pelo IBGE na Produ\u00e7\u00e3o Agr\u00edcola Municipal (PAM). O aumento foi impulsionado principalmente pela cultura da banana, que registrou um incremento de 45,3% no valor de produ\u00e7\u00e3o, alcan\u00e7ando [&hellip;]<\/p>\n","protected":false},"author":1,"featured_media":19259,"comment_status":"open","ping_status":"open","sticky":false,"template":"","format":"standard","meta":{"footnotes":"","_links_to":"","_links_to_target":""},"categories":[5],"tags":[],"class_list":{"0":"post-19326","1":"post","2":"type-post","3":"status-publish","4":"format-standard","5":"has-post-thumbnail","7":"category-noticias","8":"czr-hentry"},"aioseo_notices":[],"_links":{"self":[{"href":"https:\/\/faec.org.br\/sistema\/wp-json\/wp\/v2\/posts\/19326","targetHints":{"allow":["GET"]}}],"collection":[{"href":"https:\/\/faec.org.br\/sistema\/wp-json\/wp\/v2\/posts"}],"about":[{"href":"https:\/\/faec.org.br\/sistema\/wp-json\/wp\/v2\/types\/post"}],"author":[{"embeddable":true,"href":"https:\/\/faec.org.br\/sistema\/wp-json\/wp\/v2\/users\/1"}],"replies":[{"embeddable":true,"href":"https:\/\/faec.org.br\/sistema\/wp-json\/wp\/v2\/comments?post=19326"}],"version-history":[{"count":1,"href":"https:\/\/faec.org.br\/sistema\/wp-json\/wp\/v2\/posts\/19326\/revisions"}],"predecessor-version":[{"id":19327,"href":"https:\/\/faec.org.br\/sistema\/wp-json\/wp\/v2\/posts\/19326\/revisions\/19327"}],"wp:featuredmedia":[{"embeddable":true,"href":"https:\/\/faec.org.br\/sistema\/wp-json\/wp\/v2\/media\/19259"}],"wp:attachment":[{"href":"https:\/\/faec.org.br\/sistema\/wp-json\/wp\/v2\/media?parent=19326"}],"wp:term":[{"taxonomy":"category","embeddable":true,"href":"https:\/\/faec.org.br\/sistema\/wp-json\/wp\/v2\/categories?post=19326"},{"taxonomy":"post_tag","embeddable":true,"href":"https:\/\/faec.org.br\/sistema\/wp-json\/wp\/v2\/tags?post=19326"}],"curies":[{"name":"wp","href":"https:\/\/api.w.org\/{rel}","templated":true}]}}