{"id":19296,"date":"2025-09-04T14:03:27","date_gmt":"2025-09-04T17:03:27","guid":{"rendered":"https:\/\/faec.org.br\/sistema\/?p=19296"},"modified":"2025-09-04T14:03:27","modified_gmt":"2025-09-04T17:03:27","slug":"presidente-da-faec-visita-sistema-faes-senar-em-missao-tecnica-no-espirito-santo","status":"publish","type":"post","link":"https:\/\/faec.org.br\/sistema\/presidente-da-faec-visita-sistema-faes-senar-em-missao-tecnica-no-espirito-santo\/","title":{"rendered":"Presidente da Faec visita Sistema Faes\/Senar em miss\u00e3o t\u00e9cnica no Esp\u00edrito Santo"},"content":{"rendered":"<p><img loading=\"lazy\" decoding=\"async\" class=\"aligncenter size-full wp-image-19297\" src=\"http:\/\/faec.org.br\/sistema\/wp-content\/uploads\/2025\/09\/Faec.Faes_.jpg\" alt=\"\" width=\"1500\" height=\"1125\" srcset=\"https:\/\/faec.org.br\/sistema\/wp-content\/uploads\/2025\/09\/Faec.Faes_.jpg 1500w, https:\/\/faec.org.br\/sistema\/wp-content\/uploads\/2025\/09\/Faec.Faes_-300x225.jpg 300w, https:\/\/faec.org.br\/sistema\/wp-content\/uploads\/2025\/09\/Faec.Faes_-1440x1080.jpg 1440w, https:\/\/faec.org.br\/sistema\/wp-content\/uploads\/2025\/09\/Faec.Faes_-768x576.jpg 768w, https:\/\/faec.org.br\/sistema\/wp-content\/uploads\/2025\/09\/Faec.Faes_-24x18.jpg 24w, https:\/\/faec.org.br\/sistema\/wp-content\/uploads\/2025\/09\/Faec.Faes_-36x27.jpg 36w, https:\/\/faec.org.br\/sistema\/wp-content\/uploads\/2025\/09\/Faec.Faes_-48x36.jpg 48w\" sizes=\"auto, (max-width: 1500px) 100vw, 1500px\" \/><\/p>\n<p>O presidente da Federa\u00e7\u00e3o da Agricultura e Pecu\u00e1ria do Estado do Cear\u00e1 (Faec), Am\u00edlcar Silveira, realizou, nesta quarta-feira (3), uma visita institucional ao Sistema Faes\/Senar, na capital capixaba. A comitiva cearense foi recebida pelo presidente da Federa\u00e7\u00e3o da Agricultura e Pecu\u00e1ria do Estado do Esp\u00edrito Santo (Faes), J\u00falio Rocha, pela superintendente do Senar-ES, Let\u00edcia Sim\u00f5es, pelo superintendente adjunto, Fabr\u00edcio Gobbo, e pelos diretores Raphael Guimar\u00e3es e Wesley Mendes.<\/p>\n<p>A visita integra uma miss\u00e3o t\u00e9cnica organizada pela Faec, com o objetivo de conhecer experi\u00eancias e pr\u00e1ticas produtivas desenvolvidas no Esp\u00edrito Santo. At\u00e9 sexta-feira (5), o grupo visitar\u00e1 propriedades nos munic\u00edpios de Santa Leopoldina e Linhares, com foco na produ\u00e7\u00e3o de gengibre, caf\u00e9 conilon e pimenta-do-reino, culturas de destaque na agricultura capixaba.<\/p>\n<p>Integram a comitiva cearense o secret\u00e1rio\u2011executivo do Agroneg\u00f3cio na Secretaria do Desenvolvimento Econ\u00f4mico do Cear\u00e1 (SDE\u2011CE), S\u00edlvio Carlos Ribeiro; o deputado estadual Salmito Filho; Candice Rangel, presidente do Sindicato Rural de Brejo Santo; e o empres\u00e1rio F\u00e1bio Regis, do S\u00edtio Barreiras.<\/p>\n<p><img loading=\"lazy\" decoding=\"async\" class=\"aligncenter size-full wp-image-19298\" src=\"http:\/\/faec.org.br\/sistema\/wp-content\/uploads\/2025\/09\/Faec.Faes1_.jpg\" alt=\"\" width=\"1123\" height=\"865\" srcset=\"https:\/\/faec.org.br\/sistema\/wp-content\/uploads\/2025\/09\/Faec.Faes1_.jpg 1123w, https:\/\/faec.org.br\/sistema\/wp-content\/uploads\/2025\/09\/Faec.Faes1_-300x231.jpg 300w, https:\/\/faec.org.br\/sistema\/wp-content\/uploads\/2025\/09\/Faec.Faes1_-768x592.jpg 768w, https:\/\/faec.org.br\/sistema\/wp-content\/uploads\/2025\/09\/Faec.Faes1_-24x18.jpg 24w, https:\/\/faec.org.br\/sistema\/wp-content\/uploads\/2025\/09\/Faec.Faes1_-36x28.jpg 36w, https:\/\/faec.org.br\/sistema\/wp-content\/uploads\/2025\/09\/Faec.Faes1_-48x37.jpg 48w\" sizes=\"auto, (max-width: 1123px) 100vw, 1123px\" \/><\/p>\n","protected":false},"excerpt":{"rendered":"<p>O presidente da Federa\u00e7\u00e3o da Agricultura e Pecu\u00e1ria do Estado do Cear\u00e1 (Faec), Am\u00edlcar Silveira, realizou, nesta quarta-feira (3), uma visita institucional ao Sistema Faes\/Senar, na capital capixaba. A comitiva cearense foi recebida pelo presidente da Federa\u00e7\u00e3o da Agricultura e Pecu\u00e1ria do Estado do Esp\u00edrito Santo (Faes), J\u00falio Rocha, pela superintendente do Senar-ES, Let\u00edcia Sim\u00f5es, [&hellip;]<\/p>\n","protected":false},"author":1,"featured_media":19298,"comment_status":"open","ping_status":"open","sticky":false,"template":"","format":"standard","meta":{"footnotes":"","_links_to":"","_links_to_target":""},"categories":[5],"tags":[],"class_list":{"0":"post-19296","1":"post","2":"type-post","3":"status-publish","4":"format-standard","5":"has-post-thumbnail","7":"category-noticias","8":"czr-hentry"},"aioseo_notices":[],"_links":{"self":[{"href":"https:\/\/faec.org.br\/sistema\/wp-json\/wp\/v2\/posts\/19296","targetHints":{"allow":["GET"]}}],"collection":[{"href":"https:\/\/faec.org.br\/sistema\/wp-json\/wp\/v2\/posts"}],"about":[{"href":"https:\/\/faec.org.br\/sistema\/wp-json\/wp\/v2\/types\/post"}],"author":[{"embeddable":true,"href":"https:\/\/faec.org.br\/sistema\/wp-json\/wp\/v2\/users\/1"}],"replies":[{"embeddable":true,"href":"https:\/\/faec.org.br\/sistema\/wp-json\/wp\/v2\/comments?post=19296"}],"version-history":[{"count":1,"href":"https:\/\/faec.org.br\/sistema\/wp-json\/wp\/v2\/posts\/19296\/revisions"}],"predecessor-version":[{"id":19299,"href":"https:\/\/faec.org.br\/sistema\/wp-json\/wp\/v2\/posts\/19296\/revisions\/19299"}],"wp:featuredmedia":[{"embeddable":true,"href":"https:\/\/faec.org.br\/sistema\/wp-json\/wp\/v2\/media\/19298"}],"wp:attachment":[{"href":"https:\/\/faec.org.br\/sistema\/wp-json\/wp\/v2\/media?parent=19296"}],"wp:term":[{"taxonomy":"category","embeddable":true,"href":"https:\/\/faec.org.br\/sistema\/wp-json\/wp\/v2\/categories?post=19296"},{"taxonomy":"post_tag","embeddable":true,"href":"https:\/\/faec.org.br\/sistema\/wp-json\/wp\/v2\/tags?post=19296"}],"curies":[{"name":"wp","href":"https:\/\/api.w.org\/{rel}","templated":true}]}}