{"id":19218,"date":"2025-08-12T08:44:50","date_gmt":"2025-08-12T11:44:50","guid":{"rendered":"https:\/\/faec.org.br\/sistema\/?p=19218"},"modified":"2025-08-12T08:44:50","modified_gmt":"2025-08-12T11:44:50","slug":"sistema-faec-senar-leva-carreta-da-saude-ao-municipio-de-erere","status":"publish","type":"post","link":"https:\/\/faec.org.br\/sistema\/sistema-faec-senar-leva-carreta-da-saude-ao-municipio-de-erere\/","title":{"rendered":"Sistema Faec\/Senar leva Carreta da Sa\u00fade ao munic\u00edpio de Erer\u00ea"},"content":{"rendered":"<p><img loading=\"lazy\" decoding=\"async\" class=\"aligncenter size-full wp-image-19219\" src=\"http:\/\/faec.org.br\/sistema\/wp-content\/uploads\/2025\/08\/carreta.saude_.jpg\" alt=\"\" width=\"1600\" height=\"897\" srcset=\"https:\/\/faec.org.br\/sistema\/wp-content\/uploads\/2025\/08\/carreta.saude_.jpg 1600w, https:\/\/faec.org.br\/sistema\/wp-content\/uploads\/2025\/08\/carreta.saude_-300x168.jpg 300w, https:\/\/faec.org.br\/sistema\/wp-content\/uploads\/2025\/08\/carreta.saude_-768x431.jpg 768w, https:\/\/faec.org.br\/sistema\/wp-content\/uploads\/2025\/08\/carreta.saude_-1536x861.jpg 1536w, https:\/\/faec.org.br\/sistema\/wp-content\/uploads\/2025\/08\/carreta.saude_-528x297.jpg 528w, https:\/\/faec.org.br\/sistema\/wp-content\/uploads\/2025\/08\/carreta.saude_-24x13.jpg 24w, https:\/\/faec.org.br\/sistema\/wp-content\/uploads\/2025\/08\/carreta.saude_-36x20.jpg 36w, https:\/\/faec.org.br\/sistema\/wp-content\/uploads\/2025\/08\/carreta.saude_-48x27.jpg 48w\" sizes=\"auto, (max-width: 1600px) 100vw, 1600px\" \/><\/p>\n<p>O munic\u00edpio de Erer\u00ea recebeu, neste m\u00eas, a Carreta da Sa\u00fade, projeto itinerante idealizado pelo Sistema Faec\/Senar que tem como objetivo ampliar o acesso a servi\u00e7os de sa\u00fade na zona rural. A a\u00e7\u00e3o, realizada em parceria com o Sindicato Rural de Jaguaribe e a Prefeitura Municipal, levou atendimentos m\u00e9dicos e odontol\u00f3gicos gratuitos aos produtores da regi\u00e3o.<\/p>\n<p>A Carreta da Sa\u00fade \u00e9 equipada com estrutura moderna e profissionais especializados, oferecendo consultas com cl\u00ednico geral, oncologista e infectologista. Tamb\u00e9m foram realizados atendimentos odontol\u00f3gicos, exames de rotina e a\u00e7\u00f5es preventivas, como avalia\u00e7\u00f5es de mama e pr\u00f3stata, al\u00e9m de testes r\u00e1pidos para detec\u00e7\u00e3o de HIV, s\u00edfilis e hepatites B e C.<\/p>\n<p>Outros servi\u00e7os incluem avalia\u00e7\u00e3o optom\u00e9trica e atividades de educa\u00e7\u00e3o em sa\u00fade, refor\u00e7ando o car\u00e1ter preventivo da iniciativa. A a\u00e7\u00e3o contribui significativamente para a redu\u00e7\u00e3o da necessidade de deslocamento da popula\u00e7\u00e3o rural at\u00e9 os centros urbanos, promovendo o diagn\u00f3stico precoce e a melhoria da qualidade de vida no campo.<\/p>\n","protected":false},"excerpt":{"rendered":"<p>O munic\u00edpio de Erer\u00ea recebeu, neste m\u00eas, a Carreta da Sa\u00fade, projeto itinerante idealizado pelo Sistema Faec\/Senar que tem como objetivo ampliar o acesso a servi\u00e7os de sa\u00fade na zona rural. A a\u00e7\u00e3o, realizada em parceria com o Sindicato Rural de Jaguaribe e a Prefeitura Municipal, levou atendimentos m\u00e9dicos e odontol\u00f3gicos gratuitos aos produtores da [&hellip;]<\/p>\n","protected":false},"author":1,"featured_media":19219,"comment_status":"open","ping_status":"open","sticky":false,"template":"","format":"standard","meta":{"footnotes":"","_links_to":"","_links_to_target":""},"categories":[5],"tags":[],"class_list":{"0":"post-19218","1":"post","2":"type-post","3":"status-publish","4":"format-standard","5":"has-post-thumbnail","7":"category-noticias","8":"czr-hentry"},"aioseo_notices":[],"_links":{"self":[{"href":"https:\/\/faec.org.br\/sistema\/wp-json\/wp\/v2\/posts\/19218","targetHints":{"allow":["GET"]}}],"collection":[{"href":"https:\/\/faec.org.br\/sistema\/wp-json\/wp\/v2\/posts"}],"about":[{"href":"https:\/\/faec.org.br\/sistema\/wp-json\/wp\/v2\/types\/post"}],"author":[{"embeddable":true,"href":"https:\/\/faec.org.br\/sistema\/wp-json\/wp\/v2\/users\/1"}],"replies":[{"embeddable":true,"href":"https:\/\/faec.org.br\/sistema\/wp-json\/wp\/v2\/comments?post=19218"}],"version-history":[{"count":1,"href":"https:\/\/faec.org.br\/sistema\/wp-json\/wp\/v2\/posts\/19218\/revisions"}],"predecessor-version":[{"id":19220,"href":"https:\/\/faec.org.br\/sistema\/wp-json\/wp\/v2\/posts\/19218\/revisions\/19220"}],"wp:featuredmedia":[{"embeddable":true,"href":"https:\/\/faec.org.br\/sistema\/wp-json\/wp\/v2\/media\/19219"}],"wp:attachment":[{"href":"https:\/\/faec.org.br\/sistema\/wp-json\/wp\/v2\/media?parent=19218"}],"wp:term":[{"taxonomy":"category","embeddable":true,"href":"https:\/\/faec.org.br\/sistema\/wp-json\/wp\/v2\/categories?post=19218"},{"taxonomy":"post_tag","embeddable":true,"href":"https:\/\/faec.org.br\/sistema\/wp-json\/wp\/v2\/tags?post=19218"}],"curies":[{"name":"wp","href":"https:\/\/api.w.org\/{rel}","templated":true}]}}