{"id":19150,"date":"2025-07-25T16:54:15","date_gmt":"2025-07-25T19:54:15","guid":{"rendered":"https:\/\/faec.org.br\/sistema\/?p=19150"},"modified":"2025-07-28T16:08:12","modified_gmt":"2025-07-28T19:08:12","slug":"sistema-faec-senar-realiza-dia-de-campo-sobre-forrageiras-para-o-semiarido-em-ibaretama","status":"publish","type":"post","link":"https:\/\/faec.org.br\/sistema\/sistema-faec-senar-realiza-dia-de-campo-sobre-forrageiras-para-o-semiarido-em-ibaretama\/","title":{"rendered":"Sistema Faec\/Senar realiza Dia de Campo sobre Forrageiras para o Semi\u00e1rido em Ibaretama"},"content":{"rendered":"<p><img loading=\"lazy\" decoding=\"async\" class=\"aligncenter size-full wp-image-19151\" src=\"http:\/\/faec.org.br\/sistema\/wp-content\/uploads\/2025\/07\/dia-de-campo1.jpg\" alt=\"\" width=\"1600\" height=\"1200\" srcset=\"https:\/\/faec.org.br\/sistema\/wp-content\/uploads\/2025\/07\/dia-de-campo1.jpg 1600w, https:\/\/faec.org.br\/sistema\/wp-content\/uploads\/2025\/07\/dia-de-campo1-300x225.jpg 300w, https:\/\/faec.org.br\/sistema\/wp-content\/uploads\/2025\/07\/dia-de-campo1-1440x1080.jpg 1440w, https:\/\/faec.org.br\/sistema\/wp-content\/uploads\/2025\/07\/dia-de-campo1-768x576.jpg 768w, https:\/\/faec.org.br\/sistema\/wp-content\/uploads\/2025\/07\/dia-de-campo1-1536x1152.jpg 1536w, https:\/\/faec.org.br\/sistema\/wp-content\/uploads\/2025\/07\/dia-de-campo1-24x18.jpg 24w, https:\/\/faec.org.br\/sistema\/wp-content\/uploads\/2025\/07\/dia-de-campo1-36x27.jpg 36w, https:\/\/faec.org.br\/sistema\/wp-content\/uploads\/2025\/07\/dia-de-campo1-48x36.jpg 48w\" sizes=\"auto, (max-width: 1600px) 100vw, 1600px\" \/><\/p>\n<p>O Sistema Faec\/Senar promoveu, nesta sexta-feira, 25 de julho, em Ibaretama, mais uma edi\u00e7\u00e3o do Dia de Campo do projeto Forrageiras para o Semi\u00e1rido. Voltado ao fortalecimento das pr\u00e1ticas agropecu\u00e1rias na regi\u00e3o, o evento foi realizado na Unidade de Refer\u00eancia Tecnol\u00f3gica (URT), situada na Fazenda Floresta, a 13 km do distrito de Pirangi, reunindo mais de 80 produtores rurais, pecuaristas, t\u00e9cnicos e demais profissionais do setor agropecu\u00e1rio.<\/p>\n<div style=\"width: 1140px;\" class=\"wp-video\"><video class=\"wp-video-shortcode\" id=\"video-19150-1\" width=\"1140\" height=\"641\" preload=\"metadata\" controls=\"controls\"><source type=\"video\/mp4\" src=\"http:\/\/faec.org.br\/sistema\/wp-content\/uploads\/2025\/07\/Dia-de-Campo.mp4?_=1\" \/><a href=\"http:\/\/faec.org.br\/sistema\/wp-content\/uploads\/2025\/07\/Dia-de-Campo.mp4\">http:\/\/faec.org.br\/sistema\/wp-content\/uploads\/2025\/07\/Dia-de-Campo.mp4<\/a><\/video><\/div>\n<p>Com in\u00edcio \u00e0s 7h, a programa\u00e7\u00e3o t\u00e9cnica foi distribu\u00edda em tr\u00eas esta\u00e7\u00f5es de campo. A primeira abordou os resultados da Fase 2 do projeto, apresentando o desempenho de esp\u00e9cies forrageiras adaptadas ao clima semi\u00e1rido. Na segunda esta\u00e7\u00e3o, os participantes receberam orienta\u00e7\u00f5es sobre o manejo eficiente da palma forrageira, reconhecida como alternativa estrat\u00e9gica para alimenta\u00e7\u00e3o animal em regi\u00f5es de baixa pluviometria. A terceira esta\u00e7\u00e3o tratou de t\u00e9cnicas de conserva\u00e7\u00e3o de forragem, com foco na garantia de alimento para os rebanhos durante os per\u00edodos de estiagem.<\/p>\n<p>O evento, gratuito e aberto ao p\u00fablico, tem como objetivo disseminar solu\u00e7\u00f5es sustent\u00e1veis para a produ\u00e7\u00e3o agropecu\u00e1ria no semi\u00e1rido. A iniciativa conta com o apoio do Sindicato Rural de Ibaretama, Instituto CNA e Embrapa.<\/p>\n<p><img loading=\"lazy\" decoding=\"async\" class=\"aligncenter size-full wp-image-19152\" src=\"http:\/\/faec.org.br\/sistema\/wp-content\/uploads\/2025\/07\/dia-de-campo3.jpg\" alt=\"\" width=\"1600\" height=\"1200\" srcset=\"https:\/\/faec.org.br\/sistema\/wp-content\/uploads\/2025\/07\/dia-de-campo3.jpg 1600w, https:\/\/faec.org.br\/sistema\/wp-content\/uploads\/2025\/07\/dia-de-campo3-300x225.jpg 300w, https:\/\/faec.org.br\/sistema\/wp-content\/uploads\/2025\/07\/dia-de-campo3-1440x1080.jpg 1440w, https:\/\/faec.org.br\/sistema\/wp-content\/uploads\/2025\/07\/dia-de-campo3-768x576.jpg 768w, https:\/\/faec.org.br\/sistema\/wp-content\/uploads\/2025\/07\/dia-de-campo3-1536x1152.jpg 1536w, https:\/\/faec.org.br\/sistema\/wp-content\/uploads\/2025\/07\/dia-de-campo3-24x18.jpg 24w, https:\/\/faec.org.br\/sistema\/wp-content\/uploads\/2025\/07\/dia-de-campo3-36x27.jpg 36w, https:\/\/faec.org.br\/sistema\/wp-content\/uploads\/2025\/07\/dia-de-campo3-48x36.jpg 48w\" sizes=\"auto, (max-width: 1600px) 100vw, 1600px\" \/><\/p>\n","protected":false},"excerpt":{"rendered":"<p>O Sistema Faec\/Senar promoveu, nesta sexta-feira, 25 de julho, em Ibaretama, mais uma edi\u00e7\u00e3o do Dia de Campo do projeto Forrageiras para o Semi\u00e1rido. Voltado ao fortalecimento das pr\u00e1ticas agropecu\u00e1rias na regi\u00e3o, o evento foi realizado na Unidade de Refer\u00eancia Tecnol\u00f3gica (URT), situada na Fazenda Floresta, a 13 km do distrito de Pirangi, reunindo mais [&hellip;]<\/p>\n","protected":false},"author":1,"featured_media":19151,"comment_status":"open","ping_status":"open","sticky":false,"template":"","format":"standard","meta":{"footnotes":"","_links_to":"","_links_to_target":""},"categories":[5],"tags":[],"class_list":{"0":"post-19150","1":"post","2":"type-post","3":"status-publish","4":"format-standard","5":"has-post-thumbnail","7":"category-noticias","8":"czr-hentry"},"aioseo_notices":[],"_links":{"self":[{"href":"https:\/\/faec.org.br\/sistema\/wp-json\/wp\/v2\/posts\/19150","targetHints":{"allow":["GET"]}}],"collection":[{"href":"https:\/\/faec.org.br\/sistema\/wp-json\/wp\/v2\/posts"}],"about":[{"href":"https:\/\/faec.org.br\/sistema\/wp-json\/wp\/v2\/types\/post"}],"author":[{"embeddable":true,"href":"https:\/\/faec.org.br\/sistema\/wp-json\/wp\/v2\/users\/1"}],"replies":[{"embeddable":true,"href":"https:\/\/faec.org.br\/sistema\/wp-json\/wp\/v2\/comments?post=19150"}],"version-history":[{"count":4,"href":"https:\/\/faec.org.br\/sistema\/wp-json\/wp\/v2\/posts\/19150\/revisions"}],"predecessor-version":[{"id":19155,"href":"https:\/\/faec.org.br\/sistema\/wp-json\/wp\/v2\/posts\/19150\/revisions\/19155"}],"wp:featuredmedia":[{"embeddable":true,"href":"https:\/\/faec.org.br\/sistema\/wp-json\/wp\/v2\/media\/19151"}],"wp:attachment":[{"href":"https:\/\/faec.org.br\/sistema\/wp-json\/wp\/v2\/media?parent=19150"}],"wp:term":[{"taxonomy":"category","embeddable":true,"href":"https:\/\/faec.org.br\/sistema\/wp-json\/wp\/v2\/categories?post=19150"},{"taxonomy":"post_tag","embeddable":true,"href":"https:\/\/faec.org.br\/sistema\/wp-json\/wp\/v2\/tags?post=19150"}],"curies":[{"name":"wp","href":"https:\/\/api.w.org\/{rel}","templated":true}]}}