{"id":19137,"date":"2025-07-18T14:51:56","date_gmt":"2025-07-18T17:51:56","guid":{"rendered":"https:\/\/faec.org.br\/sistema\/?p=19137"},"modified":"2025-07-18T14:51:56","modified_gmt":"2025-07-18T17:51:56","slug":"sistema-faec-senar-promove-programa-saude-do-homem-e-da-mulher-em-aurora","status":"publish","type":"post","link":"https:\/\/faec.org.br\/sistema\/sistema-faec-senar-promove-programa-saude-do-homem-e-da-mulher-em-aurora\/","title":{"rendered":"Sistema Faec\/Senar promove Programa Sa\u00fade do Homem e da Mulher em Aurora"},"content":{"rendered":"<p><img loading=\"lazy\" decoding=\"async\" class=\"aligncenter size-full wp-image-19139\" src=\"http:\/\/faec.org.br\/sistema\/wp-content\/uploads\/2025\/07\/aurora1.jpg\" alt=\"\" width=\"1200\" height=\"893\" srcset=\"https:\/\/faec.org.br\/sistema\/wp-content\/uploads\/2025\/07\/aurora1.jpg 1200w, https:\/\/faec.org.br\/sistema\/wp-content\/uploads\/2025\/07\/aurora1-300x223.jpg 300w, https:\/\/faec.org.br\/sistema\/wp-content\/uploads\/2025\/07\/aurora1-768x572.jpg 768w, https:\/\/faec.org.br\/sistema\/wp-content\/uploads\/2025\/07\/aurora1-24x18.jpg 24w, https:\/\/faec.org.br\/sistema\/wp-content\/uploads\/2025\/07\/aurora1-36x27.jpg 36w, https:\/\/faec.org.br\/sistema\/wp-content\/uploads\/2025\/07\/aurora1-48x36.jpg 48w\" sizes=\"auto, (max-width: 1200px) 100vw, 1200px\" \/><\/p>\n<p>O Sistema Faec\/Senar, em parceria com o Sindicato Rural de Aurora, realizou no distrito Agrovila Cachoeira, em Aurora, uma edi\u00e7\u00e3o do Programa Sa\u00fade do Homem e da Mulher Rural. A iniciativa contou com o apoio da Prefeitura Municipal, por meio da Secretaria de Sa\u00fade,.<\/p>\n<p>Durante a a\u00e7\u00e3o, que contou com a presen\u00e7a do prefeito do munic\u00edpio, Marcone Tavares, e do e do presidente do Sindicato Rural de Aurora, Marc\u00edlio Macedo, foi realizada a coleta de sangue de 202 produtores para PSA (Ant\u00edgeno Prost\u00e1tico Espec\u00edfico), exame que serve para auxiliar no diagn\u00f3stico e monitoramento de doen\u00e7as da pr\u00f3stata, incluindo o c\u00e2ncer de pr\u00f3stata.<\/p>\n<p>Al\u00e9m do atendimento m\u00e9dico, tamb\u00e9m foram oferecidas aferi\u00e7\u00e3o de press\u00e3o arterial e orienta\u00e7\u00f5es sobre sa\u00fade bucal, dentre outras atividades voltadas \u00e0 promo\u00e7\u00e3o da sa\u00fade e do bem-estar dos trabalhadores e trabalhadoras do campo. A iniciativa tem como objetivo ampliar o acesso a servi\u00e7os de preven\u00e7\u00e3o, diagn\u00f3stico e orienta\u00e7\u00e3o em sa\u00fade para a popula\u00e7\u00e3o rural.<\/p>\n","protected":false},"excerpt":{"rendered":"<p>O Sistema Faec\/Senar, em parceria com o Sindicato Rural de Aurora, realizou no distrito Agrovila Cachoeira, em Aurora, uma edi\u00e7\u00e3o do Programa Sa\u00fade do Homem e da Mulher Rural. A iniciativa contou com o apoio da Prefeitura Municipal, por meio da Secretaria de Sa\u00fade,. Durante a a\u00e7\u00e3o, que contou com a presen\u00e7a do prefeito do [&hellip;]<\/p>\n","protected":false},"author":1,"featured_media":19138,"comment_status":"open","ping_status":"open","sticky":false,"template":"","format":"standard","meta":{"footnotes":"","_links_to":"","_links_to_target":""},"categories":[5],"tags":[],"class_list":{"0":"post-19137","1":"post","2":"type-post","3":"status-publish","4":"format-standard","5":"has-post-thumbnail","7":"category-noticias","8":"czr-hentry"},"aioseo_notices":[],"_links":{"self":[{"href":"https:\/\/faec.org.br\/sistema\/wp-json\/wp\/v2\/posts\/19137","targetHints":{"allow":["GET"]}}],"collection":[{"href":"https:\/\/faec.org.br\/sistema\/wp-json\/wp\/v2\/posts"}],"about":[{"href":"https:\/\/faec.org.br\/sistema\/wp-json\/wp\/v2\/types\/post"}],"author":[{"embeddable":true,"href":"https:\/\/faec.org.br\/sistema\/wp-json\/wp\/v2\/users\/1"}],"replies":[{"embeddable":true,"href":"https:\/\/faec.org.br\/sistema\/wp-json\/wp\/v2\/comments?post=19137"}],"version-history":[{"count":1,"href":"https:\/\/faec.org.br\/sistema\/wp-json\/wp\/v2\/posts\/19137\/revisions"}],"predecessor-version":[{"id":19140,"href":"https:\/\/faec.org.br\/sistema\/wp-json\/wp\/v2\/posts\/19137\/revisions\/19140"}],"wp:featuredmedia":[{"embeddable":true,"href":"https:\/\/faec.org.br\/sistema\/wp-json\/wp\/v2\/media\/19138"}],"wp:attachment":[{"href":"https:\/\/faec.org.br\/sistema\/wp-json\/wp\/v2\/media?parent=19137"}],"wp:term":[{"taxonomy":"category","embeddable":true,"href":"https:\/\/faec.org.br\/sistema\/wp-json\/wp\/v2\/categories?post=19137"},{"taxonomy":"post_tag","embeddable":true,"href":"https:\/\/faec.org.br\/sistema\/wp-json\/wp\/v2\/tags?post=19137"}],"curies":[{"name":"wp","href":"https:\/\/api.w.org\/{rel}","templated":true}]}}