{"id":19134,"date":"2025-07-18T08:37:57","date_gmt":"2025-07-18T11:37:57","guid":{"rendered":"https:\/\/faec.org.br\/sistema\/?p=19134"},"modified":"2025-07-24T08:53:50","modified_gmt":"2025-07-24T11:53:50","slug":"pl-do-licenciamento-ambiental-evita-parda-de-competitividade-avalia-cna","status":"publish","type":"post","link":"https:\/\/faec.org.br\/sistema\/pl-do-licenciamento-ambiental-evita-parda-de-competitividade-avalia-cna\/","title":{"rendered":"PL do Licenciamento Ambiental evita perda de competitividade"},"content":{"rendered":"<p>A Confedera\u00e7\u00e3o da Agricultura e Pecu\u00e1ria do Brasil (CNA) avalia que o Projeto de Lei de Licenciamento Ambiental (n\u00ba 2.159\/2021) aprovado na quinta-feira (17), pela C\u00e2mara dos Deputados, moderniza, desburocratiza, garante a seguran\u00e7a jur\u00eddica e ambiental e evita perdas de competitividade para o Pa\u00eds. A mat\u00e9ria agora vai \u00e0 san\u00e7\u00e3o presidencial.<\/p>\n<p>O coordenador de Sustentabilidade da CNA, Nelson Ananias, explica que no Brasil n\u00e3o existe uma lei geral que trata do licenciamento ambiental, j\u00e1 que todo o arcabou\u00e7o foi moldado com resolu\u00e7\u00f5es do Conselho Nacional de Meio Ambiente (Conama) e legisla\u00e7\u00f5es estaduais, tornando o procedimento diferente em cada estado.<\/p>\n<p>Segundo Ananias, a aprova\u00e7\u00e3o do PL, al\u00e9m de modernizar o marco legal, vai reduzir a demora na aprova\u00e7\u00e3o dos pedidos de licenciamento ambiental e atualizar normas obsoletas que foram criadas nos anos 90. \u201cO texto aprovado atende aos anseios do setor produtivo, ao evitar retrocessos e estabelecer seguran\u00e7a jur\u00eddica e ambiental para o pa\u00eds e para a economia\u201d, diz.<\/p>\n<p>As novas regras do licenciamento, de acordo com o coordenador da CNA, n\u00e3o excluem a restri\u00e7\u00e3o da legisla\u00e7\u00e3o ambiental brasileira, ou seja, os produtores continuar\u00e3o a produzir com sustentabilidade e respeitando o C\u00f3digo Florestal, uma das legisla\u00e7\u00f5es mais rigorosas do mundo.<\/p>\n<p>Al\u00e9m disso, os produtores de atividades de baixo impacto ambiental que est\u00e3o isentas de licenciamento continuar\u00e3o submetidos ao Cadastro Ambiental Rural (CAR), instrumento que monitora a vegeta\u00e7\u00e3o nativa das propriedades.<\/p>\n<p>Nelson Ananias afirmou que nas atividades agropecu\u00e1rias n\u00e3o enquadr\u00e1veis na autorizada, os produtores ter\u00e3o que fazer a Licen\u00e7a por Ades\u00e3o e Compromisso (LAC). O coordenador refor\u00e7a que a san\u00e7\u00e3o do PL 2159\/2021 vai trazer mais agilidade e seguran\u00e7a jur\u00eddica para os investidores do setor. (<em>da assessoria de Comunica\u00e7\u00e3o CNA<\/em>)<\/p>\n","protected":false},"excerpt":{"rendered":"<p>A Confedera\u00e7\u00e3o da Agricultura e Pecu\u00e1ria do Brasil (CNA) avalia que o Projeto de Lei de Licenciamento Ambiental (n\u00ba 2.159\/2021) aprovado na quinta-feira (17), pela C\u00e2mara dos Deputados, moderniza, desburocratiza, garante a seguran\u00e7a jur\u00eddica e ambiental e evita perdas de competitividade para o Pa\u00eds. A mat\u00e9ria agora vai \u00e0 san\u00e7\u00e3o presidencial. O coordenador de Sustentabilidade [&hellip;]<\/p>\n","protected":false},"author":1,"featured_media":16590,"comment_status":"open","ping_status":"open","sticky":false,"template":"","format":"standard","meta":{"footnotes":"","_links_to":"","_links_to_target":""},"categories":[5],"tags":[],"class_list":{"0":"post-19134","1":"post","2":"type-post","3":"status-publish","4":"format-standard","5":"has-post-thumbnail","7":"category-noticias","8":"czr-hentry"},"aioseo_notices":[],"_links":{"self":[{"href":"https:\/\/faec.org.br\/sistema\/wp-json\/wp\/v2\/posts\/19134","targetHints":{"allow":["GET"]}}],"collection":[{"href":"https:\/\/faec.org.br\/sistema\/wp-json\/wp\/v2\/posts"}],"about":[{"href":"https:\/\/faec.org.br\/sistema\/wp-json\/wp\/v2\/types\/post"}],"author":[{"embeddable":true,"href":"https:\/\/faec.org.br\/sistema\/wp-json\/wp\/v2\/users\/1"}],"replies":[{"embeddable":true,"href":"https:\/\/faec.org.br\/sistema\/wp-json\/wp\/v2\/comments?post=19134"}],"version-history":[{"count":3,"href":"https:\/\/faec.org.br\/sistema\/wp-json\/wp\/v2\/posts\/19134\/revisions"}],"predecessor-version":[{"id":19146,"href":"https:\/\/faec.org.br\/sistema\/wp-json\/wp\/v2\/posts\/19134\/revisions\/19146"}],"wp:featuredmedia":[{"embeddable":true,"href":"https:\/\/faec.org.br\/sistema\/wp-json\/wp\/v2\/media\/16590"}],"wp:attachment":[{"href":"https:\/\/faec.org.br\/sistema\/wp-json\/wp\/v2\/media?parent=19134"}],"wp:term":[{"taxonomy":"category","embeddable":true,"href":"https:\/\/faec.org.br\/sistema\/wp-json\/wp\/v2\/categories?post=19134"},{"taxonomy":"post_tag","embeddable":true,"href":"https:\/\/faec.org.br\/sistema\/wp-json\/wp\/v2\/tags?post=19134"}],"curies":[{"name":"wp","href":"https:\/\/api.w.org\/{rel}","templated":true}]}}