{"id":19128,"date":"2025-07-16T08:51:14","date_gmt":"2025-07-16T11:51:14","guid":{"rendered":"https:\/\/faec.org.br\/sistema\/?p=19128"},"modified":"2025-07-16T08:51:14","modified_gmt":"2025-07-16T11:51:14","slug":"sindicato-rural-de-caucaia-reconduz-ricardo-bezerra-nunes-a-presidencia","status":"publish","type":"post","link":"https:\/\/faec.org.br\/sistema\/sindicato-rural-de-caucaia-reconduz-ricardo-bezerra-nunes-a-presidencia\/","title":{"rendered":"Sindicato Rural de Caucaia reconduz Ricardo Bezerra Nunes \u00e0 Presid\u00eancia"},"content":{"rendered":"<p><img loading=\"lazy\" decoding=\"async\" class=\"aligncenter size-full wp-image-19129\" src=\"http:\/\/faec.org.br\/sistema\/wp-content\/uploads\/2025\/07\/caucaia.jpg\" alt=\"\" width=\"1200\" height=\"870\" srcset=\"https:\/\/faec.org.br\/sistema\/wp-content\/uploads\/2025\/07\/caucaia.jpg 1200w, https:\/\/faec.org.br\/sistema\/wp-content\/uploads\/2025\/07\/caucaia-300x218.jpg 300w, https:\/\/faec.org.br\/sistema\/wp-content\/uploads\/2025\/07\/caucaia-768x557.jpg 768w, https:\/\/faec.org.br\/sistema\/wp-content\/uploads\/2025\/07\/caucaia-24x17.jpg 24w, https:\/\/faec.org.br\/sistema\/wp-content\/uploads\/2025\/07\/caucaia-36x26.jpg 36w, https:\/\/faec.org.br\/sistema\/wp-content\/uploads\/2025\/07\/caucaia-48x35.jpg 48w\" sizes=\"auto, (max-width: 1200px) 100vw, 1200px\" \/><\/p>\n<p>O Sindicato Rural de Caucaia realizou, no dia 11 de julho de 2025, o processo eleitoral para a escolha da nova diretoria. O atual presidente da entidade, Ricardo Bezerra Nunes, foi reconduzido ao cargo por unanimidade para o tri\u00eanio 2025-2028. A elei\u00e7\u00e3o foi conduzida por Nilza Luna, chefe do Departamento Sindical da Federa\u00e7\u00e3o da Agricultura e Pecu\u00e1ria do Estado do Cear\u00e1 (Faec).<\/p>\n","protected":false},"excerpt":{"rendered":"<p>O Sindicato Rural de Caucaia realizou, no dia 11 de julho de 2025, o processo eleitoral para a escolha da nova diretoria. O atual presidente da entidade, Ricardo Bezerra Nunes, foi reconduzido ao cargo por unanimidade para o tri\u00eanio 2025-2028. A elei\u00e7\u00e3o foi conduzida por Nilza Luna, chefe do Departamento Sindical da Federa\u00e7\u00e3o da Agricultura [&hellip;]<\/p>\n","protected":false},"author":1,"featured_media":19129,"comment_status":"open","ping_status":"open","sticky":false,"template":"","format":"standard","meta":{"footnotes":"","_links_to":"","_links_to_target":""},"categories":[5],"tags":[],"class_list":{"0":"post-19128","1":"post","2":"type-post","3":"status-publish","4":"format-standard","5":"has-post-thumbnail","7":"category-noticias","8":"czr-hentry"},"aioseo_notices":[],"_links":{"self":[{"href":"https:\/\/faec.org.br\/sistema\/wp-json\/wp\/v2\/posts\/19128","targetHints":{"allow":["GET"]}}],"collection":[{"href":"https:\/\/faec.org.br\/sistema\/wp-json\/wp\/v2\/posts"}],"about":[{"href":"https:\/\/faec.org.br\/sistema\/wp-json\/wp\/v2\/types\/post"}],"author":[{"embeddable":true,"href":"https:\/\/faec.org.br\/sistema\/wp-json\/wp\/v2\/users\/1"}],"replies":[{"embeddable":true,"href":"https:\/\/faec.org.br\/sistema\/wp-json\/wp\/v2\/comments?post=19128"}],"version-history":[{"count":1,"href":"https:\/\/faec.org.br\/sistema\/wp-json\/wp\/v2\/posts\/19128\/revisions"}],"predecessor-version":[{"id":19130,"href":"https:\/\/faec.org.br\/sistema\/wp-json\/wp\/v2\/posts\/19128\/revisions\/19130"}],"wp:featuredmedia":[{"embeddable":true,"href":"https:\/\/faec.org.br\/sistema\/wp-json\/wp\/v2\/media\/19129"}],"wp:attachment":[{"href":"https:\/\/faec.org.br\/sistema\/wp-json\/wp\/v2\/media?parent=19128"}],"wp:term":[{"taxonomy":"category","embeddable":true,"href":"https:\/\/faec.org.br\/sistema\/wp-json\/wp\/v2\/categories?post=19128"},{"taxonomy":"post_tag","embeddable":true,"href":"https:\/\/faec.org.br\/sistema\/wp-json\/wp\/v2\/tags?post=19128"}],"curies":[{"name":"wp","href":"https:\/\/api.w.org\/{rel}","templated":true}]}}