{"id":19049,"date":"2025-05-29T09:12:02","date_gmt":"2025-05-29T12:12:02","guid":{"rendered":"https:\/\/faec.org.br\/sistema\/?p=19049"},"modified":"2025-05-30T07:16:24","modified_gmt":"2025-05-30T10:16:24","slug":"pec-nordeste-2025-deve-movimentar-r-150-mi-em-negocios","status":"publish","type":"post","link":"https:\/\/faec.org.br\/sistema\/pec-nordeste-2025-deve-movimentar-r-150-mi-em-negocios\/","title":{"rendered":"PEC Nordeste 2025 deve movimentar R$ 150 mi em neg\u00f3cios"},"content":{"rendered":"<p><img loading=\"lazy\" decoding=\"async\" class=\"aligncenter size-full wp-image-19050\" src=\"http:\/\/faec.org.br\/sistema\/wp-content\/uploads\/2025\/05\/PECNordeste24-scaled.jpg\" alt=\"\" width=\"2560\" height=\"1707\" srcset=\"https:\/\/faec.org.br\/sistema\/wp-content\/uploads\/2025\/05\/PECNordeste24-scaled.jpg 2560w, https:\/\/faec.org.br\/sistema\/wp-content\/uploads\/2025\/05\/PECNordeste24-300x200.jpg 300w, https:\/\/faec.org.br\/sistema\/wp-content\/uploads\/2025\/05\/PECNordeste24-1620x1080.jpg 1620w, https:\/\/faec.org.br\/sistema\/wp-content\/uploads\/2025\/05\/PECNordeste24-768x512.jpg 768w, https:\/\/faec.org.br\/sistema\/wp-content\/uploads\/2025\/05\/PECNordeste24-1536x1024.jpg 1536w, https:\/\/faec.org.br\/sistema\/wp-content\/uploads\/2025\/05\/PECNordeste24-2048x1365.jpg 2048w, https:\/\/faec.org.br\/sistema\/wp-content\/uploads\/2025\/05\/PECNordeste24-24x16.jpg 24w, https:\/\/faec.org.br\/sistema\/wp-content\/uploads\/2025\/05\/PECNordeste24-36x24.jpg 36w, https:\/\/faec.org.br\/sistema\/wp-content\/uploads\/2025\/05\/PECNordeste24-48x32.jpg 48w\" sizes=\"auto, (max-width: 2560px) 100vw, 2560px\" \/><\/p>\n<p>Consolidado como o maior evento do agro do Norte e Nordeste, o PEC Nordeste 2025 \u2014 que ser\u00e1 realizado de 5 a 7 de junho, no Centro de Eventos do Cear\u00e1 \u2014 dever\u00e1 movimentar cerca de R\\$ 150 milh\u00f5es em neg\u00f3cios. Essa \u00e9 a estimativa do presidente da Federa\u00e7\u00e3o da Agricultura e Pecu\u00e1ria do Estado do Cear\u00e1 (Faec), Am\u00edlcar Silveira, que espera um p\u00fablico de 100 mil pessoas durante os tr\u00eas dias de evento.<\/p>\n<p>A feira reunir\u00e1 mais de 600 empresas e institui\u00e7\u00f5es, distribu\u00eddas em aproximadamente 1.400 estandes de exposi\u00e7\u00e3o. Os semin\u00e1rios t\u00e9cnico-cient\u00edficos, que abrangem mais de 15 segmentos do agroneg\u00f3cio, j\u00e1 contam com mais de 10 mil inscritos. Al\u00e9m disso, s\u00e3o esperadas 200 caravanas de produtores rurais, vindas do interior do Cear\u00e1 e de outros estados.<\/p>\n<p>\u201cEste n\u00e3o ser\u00e1 apenas o maior PEC Nordeste da hist\u00f3ria. Ser\u00e1 o maior evento j\u00e1 realizado no Centro de Eventos do Cear\u00e1 \u2014 e, certamente, um dos maiores eventos indoor do Brasil\u201d, afirma Am\u00edlcar Silveira. \u201cEssa \u00e9 a maior demonstra\u00e7\u00e3o da for\u00e7a do agroneg\u00f3cio cearense.\u201d A edi\u00e7\u00e3o de 2025 ocupar\u00e1 uma \u00e1rea de aproximadamente 30 mil metros quadrados.<\/p>\n<p>A cerim\u00f4nia de abertura, marcada para as 19h da quinta-feira, dia 5, contar\u00e1 com a presen\u00e7a do governador do Estado do Cear\u00e1, Elmano de Freitas; do ministro da Pesca e Aquicultura (MPA), Andr\u00e9 de Paula; e do presidente da Confedera\u00e7\u00e3o da Agricultura e Pecu\u00e1ria do Brasil (CNA), Jo\u00e3o Martins, entre outras autoridades. O encerramento da solenidade ser\u00e1 marcado por um show da cantora Roberta Miranda.<\/p>\n<p><strong>Novidades para 2025<\/strong><br \/>\nEntre as principais novidades do PEC Nordeste 2025, destacam-se a \u201cFeira dos Munic\u00edpios\u201d e o \u201cConcurso Leiteiro\u201d. A \u201cFeira dos Munic\u00edpios\u201d reunir\u00e1 mais de 30 prefeituras cearenses, que ter\u00e3o a oportunidade de expor e comercializar produtos locais em diversos segmentos, como agricultura, pecu\u00e1ria, agroind\u00fastria e artesanato.<\/p>\n<p>J\u00e1 o \u201cConcurso Leiteiro\u201d \u2014 que ser\u00e1 o maior do Brasil \u2014 contar\u00e1 com a participa\u00e7\u00e3o de cerca de 100 vacas leiteiras, que produzir\u00e3o aproximadamente 4 mil litros de leite por dia. A competi\u00e7\u00e3o ser\u00e1 realizada em um espa\u00e7o dedicado no estacionamento do Centro de Eventos, que passar\u00e1 por adapta\u00e7\u00f5es para abrigar a atividade, recebendo produtores de v\u00e1rios estados do Nordeste.<\/p>\n<p>Al\u00e9m dessas novidades, o PEC Nordeste 2025 contar\u00e1 com espa\u00e7os tradicionais, como a \u201cExpocamar\u00e3o\u201d, voltada \u00e0 carcinicultura, o \u201cMundo Somoscoop\u201d, dedicado \u00e0 agricultura familiar e \u00e0s cooperativas, e o &#8220;Espa\u00e7o PET&#8221;, dedicado a animais de estima\u00e7\u00e3o. O evento tamb\u00e9m ser\u00e1 palco de encontros importantes, como o \u201cEncontro das Mulheres do Agro\u201d, com a participa\u00e7\u00e3o de cerca de 2 mil pessoas, e o \u201cEncontro de Jovens do Agro\u201d, que reunir\u00e1 mil jovens produtores rurais.<\/p>\n<p>O PEC Nordeste \u00e9 uma realiza\u00e7\u00e3o do Sistema Faec\/Senar, em parceria com o Sebrae Cear\u00e1.<\/p>\n<p><strong>Servi\u00e7o \u2014 PEC Nordeste 2025<\/strong><br \/>\nDatas: 5, 6 e 7 de junho de 2025 (Feira de 11h \u00e0s 21h)<br \/>\nLocal: Centro de Eventos do Cear\u00e1<br \/>\nEntrada para a feira: Gratuita<br \/>\nMais informa\u00e7\u00f5es: <a href=\"https:\/\/pecnordeste.com.br\">https:\/\/pecnordeste.com.br<\/a><\/p>\n","protected":false},"excerpt":{"rendered":"<p>Consolidado como o maior evento do agro do Norte e Nordeste, o PEC Nordeste 2025 \u2014 que ser\u00e1 realizado de 5 a 7 de junho, no Centro de Eventos do Cear\u00e1 \u2014 dever\u00e1 movimentar cerca de R\\$ 150 milh\u00f5es em neg\u00f3cios. Essa \u00e9 a estimativa do presidente da Federa\u00e7\u00e3o da Agricultura e Pecu\u00e1ria do Estado [&hellip;]<\/p>\n","protected":false},"author":1,"featured_media":19052,"comment_status":"open","ping_status":"open","sticky":false,"template":"","format":"standard","meta":{"footnotes":"","_links_to":"","_links_to_target":""},"categories":[5],"tags":[278],"class_list":{"0":"post-19049","1":"post","2":"type-post","3":"status-publish","4":"format-standard","5":"has-post-thumbnail","7":"category-noticias","8":"tag-pecnordeste","9":"czr-hentry"},"aioseo_notices":[],"_links":{"self":[{"href":"https:\/\/faec.org.br\/sistema\/wp-json\/wp\/v2\/posts\/19049","targetHints":{"allow":["GET"]}}],"collection":[{"href":"https:\/\/faec.org.br\/sistema\/wp-json\/wp\/v2\/posts"}],"about":[{"href":"https:\/\/faec.org.br\/sistema\/wp-json\/wp\/v2\/types\/post"}],"author":[{"embeddable":true,"href":"https:\/\/faec.org.br\/sistema\/wp-json\/wp\/v2\/users\/1"}],"replies":[{"embeddable":true,"href":"https:\/\/faec.org.br\/sistema\/wp-json\/wp\/v2\/comments?post=19049"}],"version-history":[{"count":3,"href":"https:\/\/faec.org.br\/sistema\/wp-json\/wp\/v2\/posts\/19049\/revisions"}],"predecessor-version":[{"id":19054,"href":"https:\/\/faec.org.br\/sistema\/wp-json\/wp\/v2\/posts\/19049\/revisions\/19054"}],"wp:featuredmedia":[{"embeddable":true,"href":"https:\/\/faec.org.br\/sistema\/wp-json\/wp\/v2\/media\/19052"}],"wp:attachment":[{"href":"https:\/\/faec.org.br\/sistema\/wp-json\/wp\/v2\/media?parent=19049"}],"wp:term":[{"taxonomy":"category","embeddable":true,"href":"https:\/\/faec.org.br\/sistema\/wp-json\/wp\/v2\/categories?post=19049"},{"taxonomy":"post_tag","embeddable":true,"href":"https:\/\/faec.org.br\/sistema\/wp-json\/wp\/v2\/tags?post=19049"}],"curies":[{"name":"wp","href":"https:\/\/api.w.org\/{rel}","templated":true}]}}