{"id":19044,"date":"2025-05-28T15:48:40","date_gmt":"2025-05-28T18:48:40","guid":{"rendered":"https:\/\/faec.org.br\/sistema\/?p=19044"},"modified":"2025-05-28T15:48:40","modified_gmt":"2025-05-28T18:48:40","slug":"sistema-faec-senar-promove-capacitacao-em-manutencao-de-tratores-agricolas-em-milha","status":"publish","type":"post","link":"https:\/\/faec.org.br\/sistema\/sistema-faec-senar-promove-capacitacao-em-manutencao-de-tratores-agricolas-em-milha\/","title":{"rendered":"Sistema Faec\/Senar promove capacita\u00e7\u00e3o em Manuten\u00e7\u00e3o de Tratores Agr\u00edcolas em Milh\u00e3"},"content":{"rendered":"<p><img loading=\"lazy\" decoding=\"async\" class=\"aligncenter size-full wp-image-19045\" src=\"http:\/\/faec.org.br\/sistema\/wp-content\/uploads\/2025\/05\/sen.pompeu.jpg\" alt=\"\" width=\"1600\" height=\"900\" srcset=\"https:\/\/faec.org.br\/sistema\/wp-content\/uploads\/2025\/05\/sen.pompeu.jpg 1600w, https:\/\/faec.org.br\/sistema\/wp-content\/uploads\/2025\/05\/sen.pompeu-300x169.jpg 300w, https:\/\/faec.org.br\/sistema\/wp-content\/uploads\/2025\/05\/sen.pompeu-768x432.jpg 768w, https:\/\/faec.org.br\/sistema\/wp-content\/uploads\/2025\/05\/sen.pompeu-1536x864.jpg 1536w, https:\/\/faec.org.br\/sistema\/wp-content\/uploads\/2025\/05\/sen.pompeu-1110x624.jpg 1110w, https:\/\/faec.org.br\/sistema\/wp-content\/uploads\/2025\/05\/sen.pompeu-528x297.jpg 528w, https:\/\/faec.org.br\/sistema\/wp-content\/uploads\/2025\/05\/sen.pompeu-24x14.jpg 24w, https:\/\/faec.org.br\/sistema\/wp-content\/uploads\/2025\/05\/sen.pompeu-36x20.jpg 36w, https:\/\/faec.org.br\/sistema\/wp-content\/uploads\/2025\/05\/sen.pompeu-48x27.jpg 48w\" sizes=\"auto, (max-width: 1600px) 100vw, 1600px\" \/><\/p>\n<p>O Sindicato Rural de Senador Pompeu, sob a lideran\u00e7a da presidente Elizabeth Medeiros, realizou entre os dias 19 e 24 de maio, o curso de &#8220;Operador e Manuten\u00e7\u00e3o de Tratores Agr\u00edcolas&#8221; no munic\u00edpio de Milh\u00e3. A a\u00e7\u00e3o busca fortalecer a profissionaliza\u00e7\u00e3o do setor rural local, contribuindo para o aumento da produtividade e sustentabilidade agr\u00edcola.<\/p>\n<p>A capacita\u00e7\u00e3o, destinada a produtores rurais, visa aprimorar as habilidades t\u00e9cnicas dos participantes no manejo e manuten\u00e7\u00e3o de tratores agr\u00edcolas. O instrutor Paulo Pinto foi o respons\u00e1vel pela forma\u00e7\u00e3o, que \u00e9 fruto da parceria entre o Sistema Faec\/Senar e a Secretaria de Agricultura do munic\u00edpio.<\/p>\n","protected":false},"excerpt":{"rendered":"<p>O Sindicato Rural de Senador Pompeu, sob a lideran\u00e7a da presidente Elizabeth Medeiros, realizou entre os dias 19 e 24 de maio, o curso de &#8220;Operador e Manuten\u00e7\u00e3o de Tratores Agr\u00edcolas&#8221; no munic\u00edpio de Milh\u00e3. A a\u00e7\u00e3o busca fortalecer a profissionaliza\u00e7\u00e3o do setor rural local, contribuindo para o aumento da produtividade e sustentabilidade agr\u00edcola. A [&hellip;]<\/p>\n","protected":false},"author":1,"featured_media":19045,"comment_status":"open","ping_status":"open","sticky":false,"template":"","format":"standard","meta":{"footnotes":"","_links_to":"","_links_to_target":""},"categories":[5],"tags":[],"class_list":{"0":"post-19044","1":"post","2":"type-post","3":"status-publish","4":"format-standard","5":"has-post-thumbnail","7":"category-noticias","8":"czr-hentry"},"aioseo_notices":[],"_links":{"self":[{"href":"https:\/\/faec.org.br\/sistema\/wp-json\/wp\/v2\/posts\/19044","targetHints":{"allow":["GET"]}}],"collection":[{"href":"https:\/\/faec.org.br\/sistema\/wp-json\/wp\/v2\/posts"}],"about":[{"href":"https:\/\/faec.org.br\/sistema\/wp-json\/wp\/v2\/types\/post"}],"author":[{"embeddable":true,"href":"https:\/\/faec.org.br\/sistema\/wp-json\/wp\/v2\/users\/1"}],"replies":[{"embeddable":true,"href":"https:\/\/faec.org.br\/sistema\/wp-json\/wp\/v2\/comments?post=19044"}],"version-history":[{"count":1,"href":"https:\/\/faec.org.br\/sistema\/wp-json\/wp\/v2\/posts\/19044\/revisions"}],"predecessor-version":[{"id":19046,"href":"https:\/\/faec.org.br\/sistema\/wp-json\/wp\/v2\/posts\/19044\/revisions\/19046"}],"wp:featuredmedia":[{"embeddable":true,"href":"https:\/\/faec.org.br\/sistema\/wp-json\/wp\/v2\/media\/19045"}],"wp:attachment":[{"href":"https:\/\/faec.org.br\/sistema\/wp-json\/wp\/v2\/media?parent=19044"}],"wp:term":[{"taxonomy":"category","embeddable":true,"href":"https:\/\/faec.org.br\/sistema\/wp-json\/wp\/v2\/categories?post=19044"},{"taxonomy":"post_tag","embeddable":true,"href":"https:\/\/faec.org.br\/sistema\/wp-json\/wp\/v2\/tags?post=19044"}],"curies":[{"name":"wp","href":"https:\/\/api.w.org\/{rel}","templated":true}]}}