{"id":19037,"date":"2025-05-23T09:03:45","date_gmt":"2025-05-23T12:03:45","guid":{"rendered":"https:\/\/faec.org.br\/sistema\/?p=19037"},"modified":"2025-05-28T15:49:41","modified_gmt":"2025-05-28T18:49:41","slug":"sistema-faec-senar-realiza-palestra-sobre-impactos-da-reforma-tributaria-no-agronegocio","status":"publish","type":"post","link":"https:\/\/faec.org.br\/sistema\/sistema-faec-senar-realiza-palestra-sobre-impactos-da-reforma-tributaria-no-agronegocio\/","title":{"rendered":"Sistema Faec\/Senar realiza palestra sobre impactos da Reforma Tribut\u00e1ria no agroneg\u00f3cio"},"content":{"rendered":"<p>O Sistema Faec\/Senar promove nesta segunda-feira, 26 de maio, a palestra &#8220;A Reforma Tribut\u00e1ria e seus Impactos no Agroneg\u00f3cio&#8221;, com apresenta\u00e7\u00e3o de Renato Conchon, coordenador do N\u00facleo Econ\u00f4mico da Confedera\u00e7\u00e3o da Agricultura e Pecu\u00e1ria do Brasil (CNA). O evento ser\u00e1 realizado \u00e0s 8h30, no audit\u00f3rio do Sistema Faec\/Senar, localizado na Avenida Eduardo Gir\u00e3o, n\u00ba 317, no bairro Jardim Am\u00e9rica.<\/p>\n<p>A iniciativa busca fornecer informa\u00e7\u00f5es t\u00e9cnicas e atualizadas sobre os efeitos da proposta de Reforma Tribut\u00e1ria no setor agropecu\u00e1rio, com foco nas mudan\u00e7as previstas e suas poss\u00edveis implica\u00e7\u00f5es para produtores rurais e demais agentes da cadeia produtiva.<\/p>\n<p>A participa\u00e7\u00e3o \u00e9 gratuita, mediante inscri\u00e7\u00e3o pr\u00e9via por meio do formul\u00e1rio online dispon\u00edvel no endere\u00e7o: <a href=\"https:\/\/forms.gle\/F99nj6aeucSyyHTTA\">https:\/\/forms.gle\/F99nj6aeucSyyHTTA<\/a><\/p>\n<p><strong>Servi\u00e7o<\/strong><br \/>\nPalestra: A Reforma Tribut\u00e1ria e seus Impactos no Agroneg\u00f3cio<br \/>\nData: 26 de maio (segunda-feira)<br \/>\nHor\u00e1rio: 8h30<br \/>\nLocal: Audit\u00f3rio do Sistema Faec\/Senar \u2013 Avenida Eduardo Gir\u00e3o, 317, Jardim Am\u00e9rica<br \/>\nInscri\u00e7\u00e3o: Gratuita, pelo link informado acima<\/p>\n<p><img loading=\"lazy\" decoding=\"async\" class=\"aligncenter size-full wp-image-19038\" src=\"http:\/\/faec.org.br\/sistema\/wp-content\/uploads\/2025\/05\/palestra.reforma-tributaria.jpg\" alt=\"\" width=\"1280\" height=\"1600\" srcset=\"https:\/\/faec.org.br\/sistema\/wp-content\/uploads\/2025\/05\/palestra.reforma-tributaria.jpg 1280w, https:\/\/faec.org.br\/sistema\/wp-content\/uploads\/2025\/05\/palestra.reforma-tributaria-240x300.jpg 240w, https:\/\/faec.org.br\/sistema\/wp-content\/uploads\/2025\/05\/palestra.reforma-tributaria-864x1080.jpg 864w, https:\/\/faec.org.br\/sistema\/wp-content\/uploads\/2025\/05\/palestra.reforma-tributaria-768x960.jpg 768w, https:\/\/faec.org.br\/sistema\/wp-content\/uploads\/2025\/05\/palestra.reforma-tributaria-1229x1536.jpg 1229w, https:\/\/faec.org.br\/sistema\/wp-content\/uploads\/2025\/05\/palestra.reforma-tributaria-19x24.jpg 19w, https:\/\/faec.org.br\/sistema\/wp-content\/uploads\/2025\/05\/palestra.reforma-tributaria-29x36.jpg 29w, https:\/\/faec.org.br\/sistema\/wp-content\/uploads\/2025\/05\/palestra.reforma-tributaria-38x48.jpg 38w\" sizes=\"auto, (max-width: 1280px) 100vw, 1280px\" \/><\/p>\n","protected":false},"excerpt":{"rendered":"<p>O Sistema Faec\/Senar promove nesta segunda-feira, 26 de maio, a palestra &#8220;A Reforma Tribut\u00e1ria e seus Impactos no Agroneg\u00f3cio&#8221;, com apresenta\u00e7\u00e3o de Renato Conchon, coordenador do N\u00facleo Econ\u00f4mico da Confedera\u00e7\u00e3o da Agricultura e Pecu\u00e1ria do Brasil (CNA). O evento ser\u00e1 realizado \u00e0s 8h30, no audit\u00f3rio do Sistema Faec\/Senar, localizado na Avenida Eduardo Gir\u00e3o, n\u00ba 317, [&hellip;]<\/p>\n","protected":false},"author":1,"featured_media":19048,"comment_status":"open","ping_status":"open","sticky":false,"template":"","format":"standard","meta":{"footnotes":"","_links_to":"","_links_to_target":""},"categories":[5],"tags":[],"class_list":{"0":"post-19037","1":"post","2":"type-post","3":"status-publish","4":"format-standard","5":"has-post-thumbnail","7":"category-noticias","8":"czr-hentry"},"aioseo_notices":[],"_links":{"self":[{"href":"https:\/\/faec.org.br\/sistema\/wp-json\/wp\/v2\/posts\/19037","targetHints":{"allow":["GET"]}}],"collection":[{"href":"https:\/\/faec.org.br\/sistema\/wp-json\/wp\/v2\/posts"}],"about":[{"href":"https:\/\/faec.org.br\/sistema\/wp-json\/wp\/v2\/types\/post"}],"author":[{"embeddable":true,"href":"https:\/\/faec.org.br\/sistema\/wp-json\/wp\/v2\/users\/1"}],"replies":[{"embeddable":true,"href":"https:\/\/faec.org.br\/sistema\/wp-json\/wp\/v2\/comments?post=19037"}],"version-history":[{"count":1,"href":"https:\/\/faec.org.br\/sistema\/wp-json\/wp\/v2\/posts\/19037\/revisions"}],"predecessor-version":[{"id":19041,"href":"https:\/\/faec.org.br\/sistema\/wp-json\/wp\/v2\/posts\/19037\/revisions\/19041"}],"wp:featuredmedia":[{"embeddable":true,"href":"https:\/\/faec.org.br\/sistema\/wp-json\/wp\/v2\/media\/19048"}],"wp:attachment":[{"href":"https:\/\/faec.org.br\/sistema\/wp-json\/wp\/v2\/media?parent=19037"}],"wp:term":[{"taxonomy":"category","embeddable":true,"href":"https:\/\/faec.org.br\/sistema\/wp-json\/wp\/v2\/categories?post=19037"},{"taxonomy":"post_tag","embeddable":true,"href":"https:\/\/faec.org.br\/sistema\/wp-json\/wp\/v2\/tags?post=19037"}],"curies":[{"name":"wp","href":"https:\/\/api.w.org\/{rel}","templated":true}]}}