{"id":19000,"date":"2025-05-14T09:34:34","date_gmt":"2025-05-14T12:34:34","guid":{"rendered":"https:\/\/faec.org.br\/sistema\/?p=19000"},"modified":"2025-05-14T09:34:34","modified_gmt":"2025-05-14T12:34:34","slug":"sistema-faec-senar-promove-curso-de-doma-racional-em-equinos-em-sobral","status":"publish","type":"post","link":"https:\/\/faec.org.br\/sistema\/sistema-faec-senar-promove-curso-de-doma-racional-em-equinos-em-sobral\/","title":{"rendered":"Sistema Faec\/Senar promove curso de Doma Racional em Equinos em Sobral"},"content":{"rendered":"<p><img loading=\"lazy\" decoding=\"async\" class=\"aligncenter size-full wp-image-19001\" src=\"http:\/\/faec.org.br\/sistema\/wp-content\/uploads\/2025\/05\/Doma1.jpg\" alt=\"\" width=\"1600\" height=\"1200\" srcset=\"https:\/\/faec.org.br\/sistema\/wp-content\/uploads\/2025\/05\/Doma1.jpg 1600w, https:\/\/faec.org.br\/sistema\/wp-content\/uploads\/2025\/05\/Doma1-300x225.jpg 300w, https:\/\/faec.org.br\/sistema\/wp-content\/uploads\/2025\/05\/Doma1-1440x1080.jpg 1440w, https:\/\/faec.org.br\/sistema\/wp-content\/uploads\/2025\/05\/Doma1-768x576.jpg 768w, https:\/\/faec.org.br\/sistema\/wp-content\/uploads\/2025\/05\/Doma1-1536x1152.jpg 1536w, https:\/\/faec.org.br\/sistema\/wp-content\/uploads\/2025\/05\/Doma1-24x18.jpg 24w, https:\/\/faec.org.br\/sistema\/wp-content\/uploads\/2025\/05\/Doma1-36x27.jpg 36w, https:\/\/faec.org.br\/sistema\/wp-content\/uploads\/2025\/05\/Doma1-48x36.jpg 48w\" sizes=\"auto, (max-width: 1600px) 100vw, 1600px\" \/><\/p>\n<p>O Sistema Faec\/Senar, em parceria com o Sindicato Rural de Sobral e a Prefeitura do munic\u00edpio, promoveu, nesta semana, o curso de Doma Racional em Equinos. A capacita\u00e7\u00e3o teve como objetivo aprimorar as t\u00e9cnicas de manejo e adestramento de equinos, com foco no bem-estar animal e na efici\u00eancia produtiva.<\/p>\n<p>Voltado a produtores rurais, vaqueiros e demais profissionais de Sobral e regi\u00e3o, o curso abordou pr\u00e1ticas modernas e sustent\u00e1veis de doma, respeitando os limites e o comportamento natural dos animais. A a\u00e7\u00e3o integra o conjunto de a\u00e7\u00f5es do Sistema Faec\/Senar voltadas ao fortalecimento da pecu\u00e1ria regional, promovendo qualifica\u00e7\u00e3o t\u00e9cnica do produtor rural.<\/p>\n<p><img loading=\"lazy\" decoding=\"async\" class=\"aligncenter size-full wp-image-19002\" src=\"http:\/\/faec.org.br\/sistema\/wp-content\/uploads\/2025\/05\/Doma.jpg\" alt=\"\" width=\"1600\" height=\"1200\" srcset=\"https:\/\/faec.org.br\/sistema\/wp-content\/uploads\/2025\/05\/Doma.jpg 1600w, https:\/\/faec.org.br\/sistema\/wp-content\/uploads\/2025\/05\/Doma-300x225.jpg 300w, https:\/\/faec.org.br\/sistema\/wp-content\/uploads\/2025\/05\/Doma-1440x1080.jpg 1440w, https:\/\/faec.org.br\/sistema\/wp-content\/uploads\/2025\/05\/Doma-768x576.jpg 768w, https:\/\/faec.org.br\/sistema\/wp-content\/uploads\/2025\/05\/Doma-1536x1152.jpg 1536w, https:\/\/faec.org.br\/sistema\/wp-content\/uploads\/2025\/05\/Doma-24x18.jpg 24w, https:\/\/faec.org.br\/sistema\/wp-content\/uploads\/2025\/05\/Doma-36x27.jpg 36w, https:\/\/faec.org.br\/sistema\/wp-content\/uploads\/2025\/05\/Doma-48x36.jpg 48w\" sizes=\"auto, (max-width: 1600px) 100vw, 1600px\" \/><\/p>\n","protected":false},"excerpt":{"rendered":"<p>O Sistema Faec\/Senar, em parceria com o Sindicato Rural de Sobral e a Prefeitura do munic\u00edpio, promoveu, nesta semana, o curso de Doma Racional em Equinos. A capacita\u00e7\u00e3o teve como objetivo aprimorar as t\u00e9cnicas de manejo e adestramento de equinos, com foco no bem-estar animal e na efici\u00eancia produtiva. Voltado a produtores rurais, vaqueiros e [&hellip;]<\/p>\n","protected":false},"author":1,"featured_media":19003,"comment_status":"open","ping_status":"open","sticky":false,"template":"","format":"standard","meta":{"footnotes":"","_links_to":"","_links_to_target":""},"categories":[5],"tags":[],"class_list":{"0":"post-19000","1":"post","2":"type-post","3":"status-publish","4":"format-standard","5":"has-post-thumbnail","7":"category-noticias","8":"czr-hentry"},"aioseo_notices":[],"_links":{"self":[{"href":"https:\/\/faec.org.br\/sistema\/wp-json\/wp\/v2\/posts\/19000","targetHints":{"allow":["GET"]}}],"collection":[{"href":"https:\/\/faec.org.br\/sistema\/wp-json\/wp\/v2\/posts"}],"about":[{"href":"https:\/\/faec.org.br\/sistema\/wp-json\/wp\/v2\/types\/post"}],"author":[{"embeddable":true,"href":"https:\/\/faec.org.br\/sistema\/wp-json\/wp\/v2\/users\/1"}],"replies":[{"embeddable":true,"href":"https:\/\/faec.org.br\/sistema\/wp-json\/wp\/v2\/comments?post=19000"}],"version-history":[{"count":1,"href":"https:\/\/faec.org.br\/sistema\/wp-json\/wp\/v2\/posts\/19000\/revisions"}],"predecessor-version":[{"id":19004,"href":"https:\/\/faec.org.br\/sistema\/wp-json\/wp\/v2\/posts\/19000\/revisions\/19004"}],"wp:featuredmedia":[{"embeddable":true,"href":"https:\/\/faec.org.br\/sistema\/wp-json\/wp\/v2\/media\/19003"}],"wp:attachment":[{"href":"https:\/\/faec.org.br\/sistema\/wp-json\/wp\/v2\/media?parent=19000"}],"wp:term":[{"taxonomy":"category","embeddable":true,"href":"https:\/\/faec.org.br\/sistema\/wp-json\/wp\/v2\/categories?post=19000"},{"taxonomy":"post_tag","embeddable":true,"href":"https:\/\/faec.org.br\/sistema\/wp-json\/wp\/v2\/tags?post=19000"}],"curies":[{"name":"wp","href":"https:\/\/api.w.org\/{rel}","templated":true}]}}