{"id":18996,"date":"2025-05-13T14:00:39","date_gmt":"2025-05-13T17:00:39","guid":{"rendered":"https:\/\/faec.org.br\/sistema\/?p=18996"},"modified":"2025-05-13T14:00:39","modified_gmt":"2025-05-13T17:00:39","slug":"sistema-faec-senar-e-uece-discutem-capacitacoes-voltadas-a-inovacao-no-agro","status":"publish","type":"post","link":"https:\/\/faec.org.br\/sistema\/sistema-faec-senar-e-uece-discutem-capacitacoes-voltadas-a-inovacao-no-agro\/","title":{"rendered":"Sistema Faec\/Senar e Uece discutem capacita\u00e7\u00f5es voltadas \u00e0 inova\u00e7\u00e3o no agro"},"content":{"rendered":"<p><img loading=\"lazy\" decoding=\"async\" class=\"aligncenter size-full wp-image-18997\" src=\"http:\/\/faec.org.br\/sistema\/wp-content\/uploads\/2025\/05\/uece.jpg\" alt=\"\" width=\"1600\" height=\"739\" srcset=\"https:\/\/faec.org.br\/sistema\/wp-content\/uploads\/2025\/05\/uece.jpg 1600w, https:\/\/faec.org.br\/sistema\/wp-content\/uploads\/2025\/05\/uece-300x139.jpg 300w, https:\/\/faec.org.br\/sistema\/wp-content\/uploads\/2025\/05\/uece-768x355.jpg 768w, https:\/\/faec.org.br\/sistema\/wp-content\/uploads\/2025\/05\/uece-1536x709.jpg 1536w, https:\/\/faec.org.br\/sistema\/wp-content\/uploads\/2025\/05\/uece-24x11.jpg 24w, https:\/\/faec.org.br\/sistema\/wp-content\/uploads\/2025\/05\/uece-36x17.jpg 36w, https:\/\/faec.org.br\/sistema\/wp-content\/uploads\/2025\/05\/uece-48x22.jpg 48w\" sizes=\"auto, (max-width: 1600px) 100vw, 1600px\" \/><\/p>\n<p>O Sistema Faec\/Senar recebeu, na manh\u00e3 desta ter\u00e7a-feira (13), a visita do presidente do Instituto de Estudos, Pesquisas e Projetos da Universidade Estadual do Cear\u00e1 (Uece), Joaquim Celestino, e do professor Ricardo Albuquerque, tamb\u00e9m integrante do instituto, para tratar de a\u00e7\u00f5es de capacita\u00e7\u00e3o voltadas \u00e0 inova\u00e7\u00e3o no setor agropecu\u00e1rio.<\/p>\n<p>A reuni\u00e3o contou com a participa\u00e7\u00e3o da diretora t\u00e9cnica do Senar Cear\u00e1, Ana Kelly Cl\u00e1udio; do diretor administrativo, Jorge Torres; al\u00e9m dos t\u00e9cnicos Rog\u00e9rio Soares e Ivonisa Holanda. O encontro refor\u00e7a o compromisso das institui\u00e7\u00f5es com o desenvolvimento sustent\u00e1vel do setor agropecu\u00e1rio cearense, por meio da integra\u00e7\u00e3o entre a academia e o setor produtivo.<\/p>\n","protected":false},"excerpt":{"rendered":"<p>O Sistema Faec\/Senar recebeu, na manh\u00e3 desta ter\u00e7a-feira (13), a visita do presidente do Instituto de Estudos, Pesquisas e Projetos da Universidade Estadual do Cear\u00e1 (Uece), Joaquim Celestino, e do professor Ricardo Albuquerque, tamb\u00e9m integrante do instituto, para tratar de a\u00e7\u00f5es de capacita\u00e7\u00e3o voltadas \u00e0 inova\u00e7\u00e3o no setor agropecu\u00e1rio. A reuni\u00e3o contou com a participa\u00e7\u00e3o [&hellip;]<\/p>\n","protected":false},"author":1,"featured_media":18998,"comment_status":"open","ping_status":"open","sticky":false,"template":"","format":"standard","meta":{"footnotes":"","_links_to":"","_links_to_target":""},"categories":[5],"tags":[],"class_list":{"0":"post-18996","1":"post","2":"type-post","3":"status-publish","4":"format-standard","5":"has-post-thumbnail","7":"category-noticias","8":"czr-hentry"},"aioseo_notices":[],"_links":{"self":[{"href":"https:\/\/faec.org.br\/sistema\/wp-json\/wp\/v2\/posts\/18996","targetHints":{"allow":["GET"]}}],"collection":[{"href":"https:\/\/faec.org.br\/sistema\/wp-json\/wp\/v2\/posts"}],"about":[{"href":"https:\/\/faec.org.br\/sistema\/wp-json\/wp\/v2\/types\/post"}],"author":[{"embeddable":true,"href":"https:\/\/faec.org.br\/sistema\/wp-json\/wp\/v2\/users\/1"}],"replies":[{"embeddable":true,"href":"https:\/\/faec.org.br\/sistema\/wp-json\/wp\/v2\/comments?post=18996"}],"version-history":[{"count":1,"href":"https:\/\/faec.org.br\/sistema\/wp-json\/wp\/v2\/posts\/18996\/revisions"}],"predecessor-version":[{"id":18999,"href":"https:\/\/faec.org.br\/sistema\/wp-json\/wp\/v2\/posts\/18996\/revisions\/18999"}],"wp:featuredmedia":[{"embeddable":true,"href":"https:\/\/faec.org.br\/sistema\/wp-json\/wp\/v2\/media\/18998"}],"wp:attachment":[{"href":"https:\/\/faec.org.br\/sistema\/wp-json\/wp\/v2\/media?parent=18996"}],"wp:term":[{"taxonomy":"category","embeddable":true,"href":"https:\/\/faec.org.br\/sistema\/wp-json\/wp\/v2\/categories?post=18996"},{"taxonomy":"post_tag","embeddable":true,"href":"https:\/\/faec.org.br\/sistema\/wp-json\/wp\/v2\/tags?post=18996"}],"curies":[{"name":"wp","href":"https:\/\/api.w.org\/{rel}","templated":true}]}}