{"id":18814,"date":"2025-02-07T14:21:19","date_gmt":"2025-02-07T17:21:19","guid":{"rendered":"https:\/\/faec.org.br\/sistema\/?p=18814"},"modified":"2025-02-07T14:21:19","modified_gmt":"2025-02-07T17:21:19","slug":"faec-e-acesu-discutem-iniciativas-para-incentivar-compra-de-produtos-cearenses","status":"publish","type":"post","link":"https:\/\/faec.org.br\/sistema\/faec-e-acesu-discutem-iniciativas-para-incentivar-compra-de-produtos-cearenses\/","title":{"rendered":"Faec e Acesu discutem iniciativas para incentivar compra de produtos cearenses"},"content":{"rendered":"<p><img loading=\"lazy\" decoding=\"async\" class=\"aligncenter size-full wp-image-18815\" src=\"http:\/\/faec.org.br\/sistema\/wp-content\/uploads\/2025\/02\/faec.acesu_.jpg\" alt=\"\" width=\"901\" height=\"697\" srcset=\"https:\/\/faec.org.br\/sistema\/wp-content\/uploads\/2025\/02\/faec.acesu_.jpg 901w, https:\/\/faec.org.br\/sistema\/wp-content\/uploads\/2025\/02\/faec.acesu_-300x232.jpg 300w, https:\/\/faec.org.br\/sistema\/wp-content\/uploads\/2025\/02\/faec.acesu_-768x594.jpg 768w, https:\/\/faec.org.br\/sistema\/wp-content\/uploads\/2025\/02\/faec.acesu_-24x19.jpg 24w, https:\/\/faec.org.br\/sistema\/wp-content\/uploads\/2025\/02\/faec.acesu_-36x28.jpg 36w, https:\/\/faec.org.br\/sistema\/wp-content\/uploads\/2025\/02\/faec.acesu_-48x37.jpg 48w\" sizes=\"auto, (max-width: 901px) 100vw, 901px\" \/><\/p>\n<p>O presidente da Federa\u00e7\u00e3o da Agricultura e Pecu\u00e1ria do Estado do Cear\u00e1 (Faec), Am\u00edlcar Silveira, se reuniu nesta sexta-feira (7) com representantes do com\u00e9rcio varejista para debater a\u00e7\u00f5es voltadas ao incentivo \u00e0 compra de produtos cearenses, como frutas, legumes e verduras, pelos supermercados locais.<\/p>\n<p>A reuni\u00e3o contou com a presen\u00e7a da presidente da Associa\u00e7\u00e3o Cearense de Supermercados (Acesu), Cl\u00e1udia Novais, e do diretor da entidade, Hon\u00f3rio Pinheiro. Tamb\u00e9m participaram o presidente da Federa\u00e7\u00e3o das CDLs do Cear\u00e1 (FCDL), Freitas Cordeiro, e o presidente da C\u00e2mara de Dirigentes Lojistas (CDL) de Fortaleza, Assis Cavalcante. O encontro visa fortalecer a comercializa\u00e7\u00e3o de produtos locais e estimular a economia cearense.<\/p>\n","protected":false},"excerpt":{"rendered":"<p>O presidente da Federa\u00e7\u00e3o da Agricultura e Pecu\u00e1ria do Estado do Cear\u00e1 (Faec), Am\u00edlcar Silveira, se reuniu nesta sexta-feira (7) com representantes do com\u00e9rcio varejista para debater a\u00e7\u00f5es voltadas ao incentivo \u00e0 compra de produtos cearenses, como frutas, legumes e verduras, pelos supermercados locais. A reuni\u00e3o contou com a presen\u00e7a da presidente da Associa\u00e7\u00e3o Cearense [&hellip;]<\/p>\n","protected":false},"author":1,"featured_media":18815,"comment_status":"open","ping_status":"open","sticky":false,"template":"","format":"standard","meta":{"footnotes":"","_links_to":"","_links_to_target":""},"categories":[5],"tags":[],"class_list":{"0":"post-18814","1":"post","2":"type-post","3":"status-publish","4":"format-standard","5":"has-post-thumbnail","7":"category-noticias","8":"czr-hentry"},"aioseo_notices":[],"_links":{"self":[{"href":"https:\/\/faec.org.br\/sistema\/wp-json\/wp\/v2\/posts\/18814","targetHints":{"allow":["GET"]}}],"collection":[{"href":"https:\/\/faec.org.br\/sistema\/wp-json\/wp\/v2\/posts"}],"about":[{"href":"https:\/\/faec.org.br\/sistema\/wp-json\/wp\/v2\/types\/post"}],"author":[{"embeddable":true,"href":"https:\/\/faec.org.br\/sistema\/wp-json\/wp\/v2\/users\/1"}],"replies":[{"embeddable":true,"href":"https:\/\/faec.org.br\/sistema\/wp-json\/wp\/v2\/comments?post=18814"}],"version-history":[{"count":1,"href":"https:\/\/faec.org.br\/sistema\/wp-json\/wp\/v2\/posts\/18814\/revisions"}],"predecessor-version":[{"id":18816,"href":"https:\/\/faec.org.br\/sistema\/wp-json\/wp\/v2\/posts\/18814\/revisions\/18816"}],"wp:featuredmedia":[{"embeddable":true,"href":"https:\/\/faec.org.br\/sistema\/wp-json\/wp\/v2\/media\/18815"}],"wp:attachment":[{"href":"https:\/\/faec.org.br\/sistema\/wp-json\/wp\/v2\/media?parent=18814"}],"wp:term":[{"taxonomy":"category","embeddable":true,"href":"https:\/\/faec.org.br\/sistema\/wp-json\/wp\/v2\/categories?post=18814"},{"taxonomy":"post_tag","embeddable":true,"href":"https:\/\/faec.org.br\/sistema\/wp-json\/wp\/v2\/tags?post=18814"}],"curies":[{"name":"wp","href":"https:\/\/api.w.org\/{rel}","templated":true}]}}