{"id":18806,"date":"2025-02-04T14:44:37","date_gmt":"2025-02-04T17:44:37","guid":{"rendered":"https:\/\/faec.org.br\/sistema\/?p=18806"},"modified":"2025-02-04T14:44:37","modified_gmt":"2025-02-04T17:44:37","slug":"senar-ceara-criara-100-novas-turmas-da-ateg-em-2025","status":"publish","type":"post","link":"https:\/\/faec.org.br\/sistema\/senar-ceara-criara-100-novas-turmas-da-ateg-em-2025\/","title":{"rendered":"Senar Cear\u00e1 criar\u00e1 100 novas turmas da ATeG em 2025"},"content":{"rendered":"<p><img loading=\"lazy\" decoding=\"async\" class=\"aligncenter size-full wp-image-18807\" src=\"http:\/\/faec.org.br\/sistema\/wp-content\/uploads\/2025\/02\/reuniao.ateg_.jpg\" alt=\"\" width=\"1280\" height=\"1280\" srcset=\"https:\/\/faec.org.br\/sistema\/wp-content\/uploads\/2025\/02\/reuniao.ateg_.jpg 1280w, https:\/\/faec.org.br\/sistema\/wp-content\/uploads\/2025\/02\/reuniao.ateg_-300x300.jpg 300w, https:\/\/faec.org.br\/sistema\/wp-content\/uploads\/2025\/02\/reuniao.ateg_-1080x1080.jpg 1080w, https:\/\/faec.org.br\/sistema\/wp-content\/uploads\/2025\/02\/reuniao.ateg_-150x150.jpg 150w, https:\/\/faec.org.br\/sistema\/wp-content\/uploads\/2025\/02\/reuniao.ateg_-768x768.jpg 768w, https:\/\/faec.org.br\/sistema\/wp-content\/uploads\/2025\/02\/reuniao.ateg_-510x510.jpg 510w, https:\/\/faec.org.br\/sistema\/wp-content\/uploads\/2025\/02\/reuniao.ateg_-24x24.jpg 24w, https:\/\/faec.org.br\/sistema\/wp-content\/uploads\/2025\/02\/reuniao.ateg_-36x36.jpg 36w, https:\/\/faec.org.br\/sistema\/wp-content\/uploads\/2025\/02\/reuniao.ateg_-48x48.jpg 48w\" sizes=\"auto, (max-width: 1280px) 100vw, 1280px\" \/><\/p>\n<p>O Senar Cear\u00e1 ir\u00e1 abrir 100 novas turmas da Assist\u00eancia T\u00e9cnica e Gerencial (ATeG) em 2025, totalizando 400 turmas no Estado. O servi\u00e7o, que tem como foco o aumento da produtividade por meio da melhoria da gest\u00e3o, \u00e9 oferecido de forma gratuita ao produtor rural.<\/p>\n<p>Nesta ter\u00e7a-feira (4), o presidente da Federa\u00e7\u00e3o da Agricultura e Pecu\u00e1ria do Estado do Cear\u00e1 (Faec), Am\u00edlcar Silveira, reuniu-se com os supervisores da ATeG no Cear\u00e1 para discutir as metas e a\u00e7\u00f5es para 2025. \u201cVamos aumentar o n\u00famero de atendimentos e focar na assist\u00eancia ao produtor rural. Pe\u00e7o dedica\u00e7\u00e3o a todos para alcan\u00e7ar os resultados esperados&#8221;, afirmou.<\/p>\n<p>Participaram da reuni\u00e3o o superintendente do Senar Cear\u00e1, S\u00e9rgio Oliveira, e a diretora-t\u00e9cnica da institui\u00e7\u00e3o, Ana Kelly Claudio. Por meio da ATeG, os produtores s\u00e3o acompanhados periodicamente por t\u00e9cnicos de campo durante 24 meses, per\u00edodo necess\u00e1rio para avaliar a efic\u00e1cia da metodologia.<\/p>\n","protected":false},"excerpt":{"rendered":"<p>O Senar Cear\u00e1 ir\u00e1 abrir 100 novas turmas da Assist\u00eancia T\u00e9cnica e Gerencial (ATeG) em 2025, totalizando 400 turmas no Estado. O servi\u00e7o, que tem como foco o aumento da produtividade por meio da melhoria da gest\u00e3o, \u00e9 oferecido de forma gratuita ao produtor rural. Nesta ter\u00e7a-feira (4), o presidente da Federa\u00e7\u00e3o da Agricultura e [&hellip;]<\/p>\n","protected":false},"author":1,"featured_media":18808,"comment_status":"open","ping_status":"open","sticky":false,"template":"","format":"standard","meta":{"footnotes":"","_links_to":"","_links_to_target":""},"categories":[5],"tags":[116],"class_list":{"0":"post-18806","1":"post","2":"type-post","3":"status-publish","4":"format-standard","5":"has-post-thumbnail","7":"category-noticias","8":"tag-ateg","9":"czr-hentry"},"aioseo_notices":[],"_links":{"self":[{"href":"https:\/\/faec.org.br\/sistema\/wp-json\/wp\/v2\/posts\/18806","targetHints":{"allow":["GET"]}}],"collection":[{"href":"https:\/\/faec.org.br\/sistema\/wp-json\/wp\/v2\/posts"}],"about":[{"href":"https:\/\/faec.org.br\/sistema\/wp-json\/wp\/v2\/types\/post"}],"author":[{"embeddable":true,"href":"https:\/\/faec.org.br\/sistema\/wp-json\/wp\/v2\/users\/1"}],"replies":[{"embeddable":true,"href":"https:\/\/faec.org.br\/sistema\/wp-json\/wp\/v2\/comments?post=18806"}],"version-history":[{"count":1,"href":"https:\/\/faec.org.br\/sistema\/wp-json\/wp\/v2\/posts\/18806\/revisions"}],"predecessor-version":[{"id":18809,"href":"https:\/\/faec.org.br\/sistema\/wp-json\/wp\/v2\/posts\/18806\/revisions\/18809"}],"wp:featuredmedia":[{"embeddable":true,"href":"https:\/\/faec.org.br\/sistema\/wp-json\/wp\/v2\/media\/18808"}],"wp:attachment":[{"href":"https:\/\/faec.org.br\/sistema\/wp-json\/wp\/v2\/media?parent=18806"}],"wp:term":[{"taxonomy":"category","embeddable":true,"href":"https:\/\/faec.org.br\/sistema\/wp-json\/wp\/v2\/categories?post=18806"},{"taxonomy":"post_tag","embeddable":true,"href":"https:\/\/faec.org.br\/sistema\/wp-json\/wp\/v2\/tags?post=18806"}],"curies":[{"name":"wp","href":"https:\/\/api.w.org\/{rel}","templated":true}]}}