{"id":17855,"date":"2024-11-07T08:40:31","date_gmt":"2024-11-07T11:40:31","guid":{"rendered":"https:\/\/faec.org.br\/sistema\/?p=17855"},"modified":"2024-11-07T08:40:31","modified_gmt":"2024-11-07T11:40:31","slug":"faec-recebe-visita-do-comando-da-10a-regiao-militar","status":"publish","type":"post","link":"https:\/\/faec.org.br\/sistema\/faec-recebe-visita-do-comando-da-10a-regiao-militar\/","title":{"rendered":"Faec recebe visita do comando da 10\u00aa Regi\u00e3o Militar"},"content":{"rendered":"<p><img loading=\"lazy\" decoding=\"async\" class=\"aligncenter size-large wp-image-17856\" src=\"http:\/\/faec.org.br\/sistema\/wp-content\/uploads\/2024\/11\/EB5-1631x1080.jpg\" alt=\"\" width=\"1140\" height=\"755\" srcset=\"https:\/\/faec.org.br\/sistema\/wp-content\/uploads\/2024\/11\/EB5-1631x1080.jpg 1631w, https:\/\/faec.org.br\/sistema\/wp-content\/uploads\/2024\/11\/EB5-300x199.jpg 300w, https:\/\/faec.org.br\/sistema\/wp-content\/uploads\/2024\/11\/EB5-768x509.jpg 768w, https:\/\/faec.org.br\/sistema\/wp-content\/uploads\/2024\/11\/EB5-1536x1017.jpg 1536w, https:\/\/faec.org.br\/sistema\/wp-content\/uploads\/2024\/11\/EB5-2048x1356.jpg 2048w, https:\/\/faec.org.br\/sistema\/wp-content\/uploads\/2024\/11\/EB5-24x16.jpg 24w, https:\/\/faec.org.br\/sistema\/wp-content\/uploads\/2024\/11\/EB5-36x24.jpg 36w, https:\/\/faec.org.br\/sistema\/wp-content\/uploads\/2024\/11\/EB5-48x32.jpg 48w\" sizes=\"auto, (max-width: 1140px) 100vw, 1140px\" \/><\/p>\n<p>A Federa\u00e7\u00e3o da Agricultura e Pecu\u00e1ria do Estado do Cear\u00e1 (Faec) recebeu, na manh\u00e3 desta quarta-feira (6), a visita do comandante da 10\u00aa Regi\u00e3o Militar (10\u00aa RM), general Cristiano Pinto Sampaio. A comitiva da Regi\u00e3o Martim Soares Moreno foi recebida pelo presidente da Faec, Am\u00edlcar Silveira, e pelo superintendente do Senar Cear\u00e1, S\u00e9rgio Oliveira.<\/p>\n<p>Al\u00e9m de estreitar os la\u00e7os entre as institui\u00e7\u00f5es, a reuni\u00e3o teve o objetivo de avaliar a possibilidades de a\u00e7\u00f5es conjuntas. \u201cEstamos \u00e0 disposi\u00e7\u00e3o para colaborar com o Ex\u00e9rcito Brasileiro no que for necess\u00e1rio\u201d, disse Am\u00edlcar Silveira sobre poss\u00edveis a\u00e7\u00f5es de coopera\u00e7\u00e3o, sobretudo, nas \u00e1reas de educa\u00e7\u00e3o e de infraestrutura em \u00e1reas rurais.<\/p>\n<figure id=\"attachment_17857\" aria-describedby=\"caption-attachment-17857\" style=\"width: 1140px\" class=\"wp-caption aligncenter\"><img loading=\"lazy\" decoding=\"async\" class=\"wp-image-17857 size-large\" src=\"http:\/\/faec.org.br\/sistema\/wp-content\/uploads\/2024\/11\/EB3-1631x1080.jpg\" alt=\"\" width=\"1140\" height=\"755\" srcset=\"https:\/\/faec.org.br\/sistema\/wp-content\/uploads\/2024\/11\/EB3-1631x1080.jpg 1631w, https:\/\/faec.org.br\/sistema\/wp-content\/uploads\/2024\/11\/EB3-300x199.jpg 300w, https:\/\/faec.org.br\/sistema\/wp-content\/uploads\/2024\/11\/EB3-768x509.jpg 768w, https:\/\/faec.org.br\/sistema\/wp-content\/uploads\/2024\/11\/EB3-1536x1017.jpg 1536w, https:\/\/faec.org.br\/sistema\/wp-content\/uploads\/2024\/11\/EB3-2048x1356.jpg 2048w, https:\/\/faec.org.br\/sistema\/wp-content\/uploads\/2024\/11\/EB3-24x16.jpg 24w, https:\/\/faec.org.br\/sistema\/wp-content\/uploads\/2024\/11\/EB3-36x24.jpg 36w, https:\/\/faec.org.br\/sistema\/wp-content\/uploads\/2024\/11\/EB3-48x32.jpg 48w\" sizes=\"auto, (max-width: 1140px) 100vw, 1140px\" \/><figcaption id=\"caption-attachment-17857\" class=\"wp-caption-text\">General Cristiano Pinto Sampaio e Am\u00edlcar Silveira<\/figcaption><\/figure>\n<p>Na ocasi\u00e3o, a comitiva conheceu o Centro de Intelig\u00eancia e Inova\u00e7\u00e3o da Agropecu\u00e1ria do Cear\u00e1 (Ciiagro) da Faec, onde Am\u00edlcar Silveira fez uma apresenta\u00e7\u00e3o sobre a estrutura e a atua\u00e7\u00e3o do Sistema Faec\/Senar e mostrou o panorama do agroneg\u00f3cio no Cear\u00e1.<\/p>\n<p><img loading=\"lazy\" decoding=\"async\" class=\"aligncenter size-large wp-image-17858\" src=\"http:\/\/faec.org.br\/sistema\/wp-content\/uploads\/2024\/11\/EB8-1631x1080.jpg\" alt=\"\" width=\"1140\" height=\"755\" srcset=\"https:\/\/faec.org.br\/sistema\/wp-content\/uploads\/2024\/11\/EB8-1631x1080.jpg 1631w, https:\/\/faec.org.br\/sistema\/wp-content\/uploads\/2024\/11\/EB8-300x199.jpg 300w, https:\/\/faec.org.br\/sistema\/wp-content\/uploads\/2024\/11\/EB8-768x509.jpg 768w, https:\/\/faec.org.br\/sistema\/wp-content\/uploads\/2024\/11\/EB8-1536x1017.jpg 1536w, https:\/\/faec.org.br\/sistema\/wp-content\/uploads\/2024\/11\/EB8-2048x1356.jpg 2048w, https:\/\/faec.org.br\/sistema\/wp-content\/uploads\/2024\/11\/EB8-24x16.jpg 24w, https:\/\/faec.org.br\/sistema\/wp-content\/uploads\/2024\/11\/EB8-36x24.jpg 36w, https:\/\/faec.org.br\/sistema\/wp-content\/uploads\/2024\/11\/EB8-48x32.jpg 48w\" sizes=\"auto, (max-width: 1140px) 100vw, 1140px\" \/><\/p>\n","protected":false},"excerpt":{"rendered":"<p>A Federa\u00e7\u00e3o da Agricultura e Pecu\u00e1ria do Estado do Cear\u00e1 (Faec) recebeu, na manh\u00e3 desta quarta-feira (6), a visita do comandante da 10\u00aa Regi\u00e3o Militar (10\u00aa RM), general Cristiano Pinto Sampaio. A comitiva da Regi\u00e3o Martim Soares Moreno foi recebida pelo presidente da Faec, Am\u00edlcar Silveira, e pelo superintendente do Senar Cear\u00e1, S\u00e9rgio Oliveira. Al\u00e9m [&hellip;]<\/p>\n","protected":false},"author":1,"featured_media":17856,"comment_status":"open","ping_status":"open","sticky":false,"template":"","format":"standard","meta":{"footnotes":"","_links_to":"","_links_to_target":""},"categories":[5],"tags":[],"class_list":{"0":"post-17855","1":"post","2":"type-post","3":"status-publish","4":"format-standard","5":"has-post-thumbnail","7":"category-noticias","8":"czr-hentry"},"aioseo_notices":[],"_links":{"self":[{"href":"https:\/\/faec.org.br\/sistema\/wp-json\/wp\/v2\/posts\/17855","targetHints":{"allow":["GET"]}}],"collection":[{"href":"https:\/\/faec.org.br\/sistema\/wp-json\/wp\/v2\/posts"}],"about":[{"href":"https:\/\/faec.org.br\/sistema\/wp-json\/wp\/v2\/types\/post"}],"author":[{"embeddable":true,"href":"https:\/\/faec.org.br\/sistema\/wp-json\/wp\/v2\/users\/1"}],"replies":[{"embeddable":true,"href":"https:\/\/faec.org.br\/sistema\/wp-json\/wp\/v2\/comments?post=17855"}],"version-history":[{"count":1,"href":"https:\/\/faec.org.br\/sistema\/wp-json\/wp\/v2\/posts\/17855\/revisions"}],"predecessor-version":[{"id":17859,"href":"https:\/\/faec.org.br\/sistema\/wp-json\/wp\/v2\/posts\/17855\/revisions\/17859"}],"wp:featuredmedia":[{"embeddable":true,"href":"https:\/\/faec.org.br\/sistema\/wp-json\/wp\/v2\/media\/17856"}],"wp:attachment":[{"href":"https:\/\/faec.org.br\/sistema\/wp-json\/wp\/v2\/media?parent=17855"}],"wp:term":[{"taxonomy":"category","embeddable":true,"href":"https:\/\/faec.org.br\/sistema\/wp-json\/wp\/v2\/categories?post=17855"},{"taxonomy":"post_tag","embeddable":true,"href":"https:\/\/faec.org.br\/sistema\/wp-json\/wp\/v2\/tags?post=17855"}],"curies":[{"name":"wp","href":"https:\/\/api.w.org\/{rel}","templated":true}]}}