{"id":17673,"date":"2024-10-29T14:34:06","date_gmt":"2024-10-29T17:34:06","guid":{"rendered":"https:\/\/faec.org.br\/sistema\/?p=17673"},"modified":"2024-11-07T08:00:36","modified_gmt":"2024-11-07T11:00:36","slug":"cartilha-cadastro-ambiental-rural-car","status":"publish","type":"post","link":"https:\/\/faec.org.br\/sistema\/cartilha-cadastro-ambiental-rural-car\/","title":{"rendered":"CARTILHA \u2013 CADASTRO AMBIENTAL RURAL (CAR)"},"content":{"rendered":"<p style=\"text-align: justify;\"><strong>O que \u00e9 o CAR?<\/strong><\/p>\n<p style=\"text-align: justify;\">\u00c9 o Cadastro Ambiental Rural, um registro p\u00fablico eletr\u00f4nico de \u00e2mbito nacional, obrigat\u00f3rio e por prazo indeterminado para todas as propriedades e posses rurais e \u00e9 o primeiro passo para obten\u00e7\u00e3o da regularidade ambiental do im\u00f3vel.<\/p>\n<p style=\"text-align: justify;\">\u00c9 um dos\u00a0 instrumentos do Programa de Regulariza\u00e7\u00e3o Ambiental \u2013 PRA, que compreende o conjunto de a\u00e7\u00f5es ou iniciativas a serem desenvolvidas por propriet\u00e1rios e posseiros rurais com o objetivo de adequar e promover a regulariza\u00e7\u00e3o ambiental com vistas ao cumprimento do disposto no do disposto no Cap\u00edtulo XIII da Lei n\u00ba 12.651\/2012.<\/p>\n<p style=\"text-align: justify;\"><strong>Para quem \u00e9 o CAR?<\/strong><\/p>\n<ul style=\"text-align: justify;\">\n<li>O propriet\u00e1rio ou o possuidor de im\u00f3vel rural ou;<\/li>\n<li>A pessoa f\u00edsica habilitada pelo propriet\u00e1rio \/ possuidor a represent\u00e1-lo em todas as etapas do CAR, um representante legal.<\/li>\n<\/ul>\n<h4 style=\"text-align: justify;\"><strong>Para que serve a inscri\u00e7\u00e3o do im\u00f3vel rural no CAR?<\/strong><\/h4>\n<p style=\"text-align: justify;\">A inscri\u00e7\u00e3o do im\u00f3vel rural no CAR serve para:<\/p>\n<ul style=\"text-align: justify;\">\n<li>cumprir a obrigatoriedade de declara\u00e7\u00e3o e registro das informa\u00e7\u00f5es ambientais de todos os im\u00f3veis rurais no Brasil e emiss\u00e3o do \u201cRecibo de Inscri\u00e7\u00e3o do Im\u00f3vel Rural no CAR\u201d;<\/li>\n<li>registrar a \u00e1rea de Reserva Legal no \u00f3rg\u00e3o ambiental competente, e como requisito para aprova\u00e7\u00e3o da sua localiza\u00e7\u00e3o;<\/li>\n<li>proceder \u00e0 regulariza\u00e7\u00e3o ambiental mediante ades\u00e3o aos Programas de Regulariza\u00e7\u00e3o Ambiental dos Estados e do Distrito Federal \u2013 PRA;<\/li>\n<li>acessar aos programas de apoio governamental;<\/li>\n<li>requisitar autoriza\u00e7\u00e3o da pr\u00e1tica de aquicultura e infraestrutura a ela associada nos im\u00f3veis rurais com at\u00e9 15 (quinze) m\u00f3dulos rurais, localizados em \u00e1reas de preserva\u00e7\u00e3o permanente;<\/li>\n<li>requisitar autoriza\u00e7\u00e3o de supress\u00e3o de floresta ou outras formas de vegeta\u00e7\u00e3o nativa no im\u00f3vel rural;<\/li>\n<li>requisitar o c\u00f4mputo das \u00c1reas de Preserva\u00e7\u00e3o Permanente no c\u00e1lculo da Reserva Legal do im\u00f3vel;<\/li>\n<li>requisitar autoriza\u00e7\u00e3o da explora\u00e7\u00e3o econ\u00f4mica da Reserva Legal mediante manejo sustent\u00e1vel;<\/li>\n<li>requisitar a constitui\u00e7\u00e3o de servid\u00e3o ambiental e Cota de Reserva Ambiental no im\u00f3vel rural, e para acessar os mecanismos de compensa\u00e7\u00e3o da Reserva Legal;<\/li>\n<li>requisitar autoriza\u00e7\u00e3o de interven\u00e7\u00e3o e supress\u00e3o de vegeta\u00e7\u00e3o em \u00c1reas de Preserva\u00e7\u00e3o Permanente e de Reserva Legal para atividades de baixo impacto ambiental; e<\/li>\n<li>requisitar a autoriza\u00e7\u00e3o da continuidade das atividades agrossilvipastoris, de ecoturismo e de turismo rural em \u00e1reas rurais consolidadas at\u00e9 em 22 de julho de 2008 localizadas em \u00c1reas de Preserva\u00e7\u00e3o Permanente e Reserva Legal; e para<\/li>\n<li>acessar o credito agr\u00edcola, em qualquer de suas modalidades, ap\u00f3s 31 de dezembro de 2017.<\/li>\n<\/ul>\n<p style=\"text-align: justify;\"><strong>Quais os documentos exigidos?<\/strong><\/p>\n<p style=\"text-align: justify;\">O propriet\u00e1rio ou possuidor vai declarar o que existe no seu im\u00f3vel:<\/p>\n<ul style=\"text-align: justify;\">\n<li>Identifica\u00e7\u00e3o do propriet\u00e1rio ou possuidor rural;<\/li>\n<li>Comprova\u00e7\u00e3o da propriedade ou posse;<\/li>\n<li>Identifica\u00e7\u00e3o do im\u00f3vel por meio de planta e memorial descritivo,<\/li>\n<li>Indica\u00e7\u00e3o das coordenadas geogr\u00e1ficas:<\/li>\n<\/ul>\n<ul style=\"text-align: justify;\">\n<li>Delimita\u00e7\u00e3o do per\u00edmetro do im\u00f3vel;<\/li>\n<li>Delimita\u00e7\u00e3o das \u00c1reas de Preserva\u00e7\u00e3o Permanente (APP). Exemplos: lagoas, a\u00e7udes, rios e nascentes;<\/li>\n<li>Cobertura florestal (vegeta\u00e7\u00e3o nativa);<\/li>\n<li>Delimita\u00e7\u00e3o da Reserva Legal (RL); ou a certid\u00e3o de registro de im\u00f3veis onde conste a averba\u00e7\u00e3o da Reserva Legal ou termo de compromisso j\u00e1 firmado nos casos de posse (se RL j\u00e1 tiver sido averbada na matr\u00edcula do im\u00f3vel);<\/li>\n<li>Delimita\u00e7\u00e3o das \u00e1reas de uso restrito (AUR);<\/li>\n<li>Delimita\u00e7\u00e3o de \u00e1reas consolidadas (se houver).<\/li>\n<\/ul>\n<p style=\"text-align: justify;\"><strong>Onde o registro \u00e9 feito?<\/strong><\/p>\n<p style=\"text-align: justify;\">No Sistema Nacional de Cadastro Ambiental Rural \u2013 SICAR. Por\u00e9m, o propriet\u00e1rio\/possuidor ou representante legalmente constitu\u00eddo responsabiliza-se pela atualiza\u00e7\u00e3o das informa\u00e7\u00f5es de maneira peri\u00f3dica ou sempre que houver qualquer altera\u00e7\u00e3o de natureza dominial e possess\u00f3ria.<\/p>\n<p style=\"text-align: justify;\">O cadastro come\u00e7a com a inscri\u00e7\u00e3o dos dados <u>de identifica\u00e7\u00e3o do im\u00f3vel<\/u> e <u>do propriet\u00e1rio<\/u>.<\/p>\n<p style=\"text-align: justify;\"><strong>Inscri\u00e7\u00e3o no CAR:<\/strong><\/p>\n<ul style=\"text-align: justify;\">\n<li>Seleciar o estado da federa\u00e7\u00e3o de localiza\u00e7\u00e3o do im\u00f3vel rural (<a href=\"https:\/\/www.car.gov.br\/#\/baixar\">https:\/\/www.car.gov.br\/#\/baixar<\/a>);<\/li>\n<\/ul>\n<p style=\"text-align: justify;\">2)\u00a0\u00a0\u00a0 Baixar M\u00f3dulo de Cadastro (<a href=\"https:\/\/www.car.gov.br\/#\/baixar\">https:\/\/www.car.gov.br\/#\/baixar<\/a>);<\/p>\n<p style=\"text-align: justify;\">3)\u00a0\u00a0\u00a0 Protocolo: gerado ap\u00f3s preenchimento e grava\u00e7\u00e3o do cadastro do im\u00f3vel rural para inscri\u00e7\u00e3o do CAR;<\/p>\n<p style=\"text-align: justify;\">4)\u00a0\u00a0\u00a0 Envio do arquivo &#8220;.car&#8221;: um arquivo com a extens\u00e3o \u201c.car\u201d que deve ser gravado no comuputo e posteriomente usado para finaliza\u00e7\u00e3o da inscri\u00e7\u00e3o do im\u00f3vel rural no CAR.( <a href=\"https:\/\/www.car.gov.br\/#\/enviar\">https:\/\/www.car.gov.br\/#\/enviar<\/a>);<\/p>\n<p style=\"text-align: justify;\">5)\u00a0\u00a0\u00a0 Recibo do CAR: O Recibo de Inscri\u00e7\u00e3o do Im\u00f3vel Rural no CAR confirma a efetiva\u00e7\u00e3o do cadastramento e o envio da documenta\u00e7\u00e3o exigida para a an\u00e1lise da localiza\u00e7\u00e3o da \u00e1rea de Reserva Legal. O recibo deve ser salvo no computador ou impresso.<\/p>\n<p style=\"text-align: justify;\"><strong>Como retificar a inscri\u00e7\u00e3o de um CAR?<\/strong><\/p>\n<p style=\"text-align: justify;\">Um vez cadastrado o im\u00f3vel e o propriet\u00e1rio ou possuidor o CAR dever\u00e1 ser retificado (alterado) ou atualizado sempre que:<\/p>\n<ul style=\"text-align: justify;\">\n<li>Houver altera\u00e7\u00f5es relacionadas ao dono da terra ou \u00e0 \u00e1rea do im\u00f3vel. EX.: compra de terrenos, venda de toda ou de parcela da propriedade, desmembramento (dividir o terreno);<\/li>\n<li>Houver altera\u00e7\u00f5es ambientais como: qualquer tipo de licenciamento ambiental relacionado \u00e0 supress\u00e3o de vegeta\u00e7\u00e3o, mudan\u00e7as na APP ou relacionadas ao cumprimento do Programa de Regulariza\u00e7\u00e3o Ambiental;<\/li>\n<li>Quando for solicitado pela SEMACE.<\/li>\n<\/ul>\n<p style=\"text-align: justify;\"><strong>Acesso a Central do Propriet\u00e1rio\/Possuidor?<\/strong><\/p>\n<p style=\"text-align: justify;\">A Central do Propriet\u00e1rio\/Possuidor \u00e9 o canal de comunica\u00e7\u00e3o entre os propriet\u00e1rios\/possuidores e o \u00f3rg\u00e3o ambiental competente, e disp\u00f5e de uma s\u00e9rie de funcionalidades:<\/p>\n<ul style=\"text-align: justify;\">\n<li style=\"list-style-type: none;\">\n<ol>\n<li>emiss\u00e3o de segunda via do Recibo de Inscri\u00e7\u00e3o;<\/li>\n<li>acesso a arquivo com extens\u00e3o &#8220;.car&#8221;;<\/li>\n<li>acesso \u00e0 ficha do im\u00f3vel, que detalha as informa\u00e7\u00f5es declaradas;<\/li>\n<li>acesso ao demonstrativo da situa\u00e7\u00e3o do CAR, com as informa\u00e7\u00f5es referentes \u00e0 situa\u00e7\u00e3o das \u00e1reas de vegeta\u00e7\u00e3o nativa, APP, \u00e1reas de uso restrito e Reserva Legal do im\u00f3vel;<\/li>\n<li>acesso ao hist\u00f3rico das mensagens e notifica\u00e7\u00f5es relacionadas aos im\u00f3veis cadastrados;<\/li>\n<li>envio de documentos e realiza\u00e7\u00e3o de retifica\u00e7\u00f5es em atendimento de notifica\u00e7\u00f5es emitidas pelo \u00f3rg\u00e3o competente.<\/li>\n<li>Canal de atualiza\u00e7\u00e3o, altera\u00e7\u00e3o ou retifica\u00e7\u00e3o das informa\u00e7\u00f5es cadastradas.<\/li>\n<\/ol>\n<\/li>\n<\/ul>\n<p style=\"text-align: justify;\"><strong>Aten\u00e7\u00e3o!<\/strong><\/p>\n<p style=\"text-align: justify;\">Para o primeiro acesso, informar o <strong>n\u00famero do Recibo do CAR<\/strong>\u00a0 e o <strong>n\u00famero do Cadastro de Pessoa F\u00edsica &#8211; CPF ou Cadastro Nacional da Pessoa Jur\u00eddica &#8211; CNPJ <\/strong>e clicar em \u201cCriar Cadastro.<\/p>\n<p style=\"text-align: justify;\">Em seguida, o cadastro deve ser confirmado no email informado durante o preenchimento do pr\u00e9-cadastro em at\u00e9 48 horas, caso contr\u00e1rio, o link enviado por e-mail n\u00e3o ser\u00e1 mais v\u00e1lido. Este link direciona o usu\u00e1rio para a etapa de valida\u00e7\u00e3o do cadastro, onde dever\u00e1, obrigatoriamente, inserir o telefone de contato e a senha para acesso \u00e0 Central do Propriet\u00e1rio\/Possuidor para conclu\u00ed-lo.<\/p>\n<p style=\"text-align: justify;\">Se o propriet\u00e1rio\/possuidor n\u00e3o possuir mais o acesso ao e-mail cadastrado na central do propriet\u00e1rio\/possuidor. Poder\u00e1 indicar um novo e-mail para altera\u00e7\u00e3o na Central do Propriet\u00e1rio\/Possuidor, acessando a op\u00e7\u00e3o \u201calterar Dado do Usu\u00e1rio\u201d, essa ferramenta permite que o usu\u00e1rio realize altera\u00e7\u00f5es e\/ou atualiza\u00e7\u00f5es em diversos campos (data de nascimento, nome do usu\u00e1rio, telefone, e-mail e senha). <a href=\"https:\/\/www.car.gov.br\/manuais\/Manual_Central_do_Proprietario_Possuidor.pdf\">https:\/\/www.car.gov.br\/manuais\/Manual_Central_do_Proprietario_Possuidor.pdf<\/a><\/p>\n<p style=\"text-align: justify;\"><strong>E se eu n\u00e3o fizer meu CAR?<\/strong><\/p>\n<p style=\"text-align: justify;\">A\u00a0n\u00e3o ades\u00e3o ao CAR, por sua vez, pode:<\/p>\n<ul style=\"text-align: justify;\">\n<li>Impossibilitar o propriet\u00e1rio\/possuidor da propriedade de acessar cr\u00e9dito rural;<\/li>\n<li>Impedir a autoriza\u00e7\u00e3o para supress\u00e3o de vegeta\u00e7\u00e3o nativa e outras licen\u00e7as;<\/li>\n<li>Restringir o acesso a programas de apoio e pagamentos por servi\u00e7os ambientais governamentais.<\/li>\n<li>Impede o enquadradameto da \u00e1rea do im\u00f3vel como APP (art. 4\u00ba , \u00a76\u00ba, Lei n\u00ba 12.651\/12).<\/li>\n<\/ul>\n<p style=\"text-align: justify;\"><strong>E se os dados cadastrados estiverem incorretos?<\/strong><\/p>\n<p style=\"text-align: justify;\">Ser\u00e1 enviada notifica\u00e7\u00e3o informando o ocorrido ao(s) e-mail(s) cadastrado(s).<\/p>\n<p style=\"text-align: justify;\">A qualquer momento, voc\u00ea pode parar o cadastro, pois o programa salvar\u00e1 automaticamente as informa\u00e7\u00f5es inseridas, e complet\u00e1-lo em outro momento.<\/p>\n<p style=\"text-align: justify;\"><strong>Consulta da situa\u00e7\u00e3o do CAR<\/strong><\/p>\n<p style=\"text-align: justify;\">As inscri\u00e7\u00f5es recebidas pelo SICAR s\u00e3o analisadas pelo \u00f3rg\u00e3o estadual competente, ou institui\u00e7\u00e3o por ele habilitada, de acordo com as regras estabelecidas na IN MMA n\u00ba 02, de 06 de maio de 2014, e nas regulamenta\u00e7\u00f5es de \u00e2mbito estadual existentes. No estado do cear\u00e1 o \u00f3rg\u00e3o competente \u00e9 a SEMACE nos termos da Pol\u00edtica Florestal do Estado do Cear\u00e1 (art. 6\u00ba da Lei 12.488\/1995.)<\/p>\n<p style=\"text-align: justify;\"><strong>Para realizar a consulta da situa\u00e7\u00e3o do CAR acesse o site: <a href=\"https:\/\/www.car.gov.br\/#\/consultar\">https:\/\/www.car.gov.br\/#\/consultar<\/a>) e pesquise pelo n\u00famero de registro no CAR (ou n\u00famero de protocolo). A consulta pode presentar as seguintes situa\u00e7\u00f5es:<\/strong><\/p>\n<table width=\"595\">\n<tbody>\n<tr>\n<td width=\"250\"><strong><em>Cadrastro ATIVO<\/em><\/strong><\/td>\n<td width=\"250\"><strong><em>Cadastro PENDENTE <\/em><\/strong><\/td>\n<td width=\"250\"><strong><em>Cadastro SUSPENSO <\/em><\/strong><\/td>\n<td width=\"250\"><strong><em>Cadrastro CANCELADO<\/em><\/strong><\/td>\n<\/tr>\n<tr>\n<td style=\"text-align: justify;\" width=\"250\">1)Quando conclu\u00eddo o cadastro;<br \/>\n2)\u00a0\u00a0\u00a0 Quando a SEMACE analisar seu im\u00f3vel e atestar que est\u00e1 tudo certo com ele.<\/td>\n<td style=\"text-align: justify;\" width=\"250\">1)\u00a0\u00a0\u00a0 Enquanto n\u00e3o for atendida a notifica\u00e7\u00e3o da SEMACE para corre\u00e7\u00e3o do cadastro;<br \/>\n2)\u00a0\u00a0\u00a0 Quando houver informa\u00e7\u00f5es erradas sobre a \u00e1rea de reserva legal, APP, \u00e1rea de uso restrito, vegeta\u00e7\u00e3o nativa, \u00e1reas agr\u00edcolas, \u00e1rea de pastoreio, entre outras;<br \/>\n3)\u00a0\u00a0\u00a0 Quando a terra ficar sobreposta a terra do vizinho, ou de uma unidade de conserva\u00e7\u00e3o, ou de uma \u00e1rea de terras ind\u00edgenas, povos tradicionais, terras da uni\u00e3o, \u00e1reas consideradas impeditivas e \u00e1rea embargada, por algum erro de cadastramento ou falta de precis\u00e3o.<\/td>\n<td style=\"text-align: justify;\" width=\"250\">1)\u00a0\u00a0\u00a0 Por decis\u00e3o judicial ou decis\u00e3o administrativa do \u00f3rg\u00e3o competente devidamente justificada.<\/td>\n<td style=\"text-align: justify;\" width=\"250\">1)\u00a0\u00a0\u00a0 Quando a SEMACE observar que as informa\u00e7\u00f5es declaradas s\u00e3o total ou parcialmente falsas, enganosas ou omissas. Nesses casos, o respons\u00e1vel pela declara\u00e7\u00e3o de tais informa\u00e7\u00f5es ficar\u00e1 sujeito a san\u00e7\u00f5es legais cab\u00edveis.<br \/>\n2)\u00a0\u00a0\u00a0 Por decis\u00e3o administrativa, quando n\u00e3o forem cumpridos os prazos determinados nas notifica\u00e7\u00f5es da SEMACE;<br \/>\n3)\u00a0\u00a0\u00a0 Por determina\u00e7\u00e3o judicial.<\/td>\n<\/tr>\n<\/tbody>\n<\/table>\n<p style=\"text-align: justify;\"><strong>\u00a0<\/strong><\/p>\n<p style=\"text-align: justify;\"><strong>ATEN\u00c7\u00c3O!! <\/strong><\/p>\n<p style=\"text-align: justify;\"><strong>\u00c1rea com reserva legal (ATIVO FLORESTAL)<\/strong><\/p>\n<p style=\"text-align: justify;\"><strong>Delimita\u00e7\u00e3o da \u00c1rea de Reserva Legal <\/strong><\/p>\n<p style=\"text-align: justify;\">Todo im\u00f3vel rural deve manter \u00e1rea com cobertura de vegeta\u00e7\u00e3o nativa, independente da \u00e1rea do im\u00f3vel, a t\u00edtulo de Reserva Legal, sem preju\u00edzo da aplica\u00e7\u00e3o das normas sobre as \u00c1reas de Preserva\u00e7\u00e3o Permanente, observados o percentual m\u00ednimo em rela\u00e7\u00e3o \u00e0 \u00e1rea do im\u00f3vel, de 20% (Art.12, I, II, Lei n\u00ba 12.651).<\/p>\n<p style=\"text-align: justify;\">No Cear\u00e1 as \u00e1reas de prote\u00e7\u00e3o ambiental mais comuns s\u00e3o: <strong>Entorno dos recursos h\u00eddricos<\/strong>; <strong>Topos de morro<\/strong>; <strong>Declividade acima de 45\u00ba<\/strong>; <strong>Mangue<\/strong> e <strong>Restinga<\/strong>. Nas \u00e1rea de uso restrito \u00e9 permitido desenvolver agricultura, criar animais ou plantar \u00e1rvore, mas n\u00e3o permitido construir, ainda assim, utilizando-se de boas pr\u00e1ticas agron\u00f4micas;<\/p>\n<p style=\"text-align: justify;\">O propriet\u00e1rio ou possuidor rural de im\u00f3vel com Reserva Legal conservada e inscrita no Cadastro Ambiental Rural \u2013 CAR, cuja \u00e1rea ultrapasse os percentuais m\u00ednimos legais, poder\u00e1 utilizar a \u00e1rea excedente de Reserva Legal como um <strong>ativo florestal<\/strong> a ser negociado com os detentores de im\u00f3veis rurais que tinham, em 22 de julho de 2008, \u00e1rea de Reserva Legal em extens\u00e3o inferior ao estabelecido (art. 66, \u00a7 5\u00ba da Lei 12.651\/2012).<\/p>\n<p style=\"text-align: justify;\"><strong> Regulariza\u00e7\u00e3o fundi\u00e1ria<\/strong><\/p>\n<p style=\"text-align: justify;\">O CAR n\u00e3o ser\u00e1 considerado como documento para fins de reconhecimento do direito de propriedade ou posse.<\/p>\n","protected":false},"excerpt":{"rendered":"<p>O que \u00e9 o CAR? \u00c9 o Cadastro Ambiental Rural, um registro p\u00fablico eletr\u00f4nico de \u00e2mbito nacional, obrigat\u00f3rio e por prazo indeterminado para todas as propriedades e posses rurais e \u00e9 o primeiro passo para obten\u00e7\u00e3o da regularidade ambiental do im\u00f3vel. \u00c9 um dos\u00a0 instrumentos do Programa de Regulariza\u00e7\u00e3o Ambiental \u2013 PRA, que compreende o [&hellip;]<\/p>\n","protected":false},"author":1,"featured_media":17854,"comment_status":"open","ping_status":"open","sticky":false,"template":"","format":"standard","meta":{"footnotes":"","_links_to":"","_links_to_target":""},"categories":[282],"tags":[],"class_list":{"0":"post-17673","1":"post","2":"type-post","3":"status-publish","4":"format-standard","5":"has-post-thumbnail","7":"category-publicacoes","8":"czr-hentry"},"aioseo_notices":[],"_links":{"self":[{"href":"https:\/\/faec.org.br\/sistema\/wp-json\/wp\/v2\/posts\/17673","targetHints":{"allow":["GET"]}}],"collection":[{"href":"https:\/\/faec.org.br\/sistema\/wp-json\/wp\/v2\/posts"}],"about":[{"href":"https:\/\/faec.org.br\/sistema\/wp-json\/wp\/v2\/types\/post"}],"author":[{"embeddable":true,"href":"https:\/\/faec.org.br\/sistema\/wp-json\/wp\/v2\/users\/1"}],"replies":[{"embeddable":true,"href":"https:\/\/faec.org.br\/sistema\/wp-json\/wp\/v2\/comments?post=17673"}],"version-history":[{"count":8,"href":"https:\/\/faec.org.br\/sistema\/wp-json\/wp\/v2\/posts\/17673\/revisions"}],"predecessor-version":[{"id":17676,"href":"https:\/\/faec.org.br\/sistema\/wp-json\/wp\/v2\/posts\/17673\/revisions\/17676"}],"wp:featuredmedia":[{"embeddable":true,"href":"https:\/\/faec.org.br\/sistema\/wp-json\/wp\/v2\/media\/17854"}],"wp:attachment":[{"href":"https:\/\/faec.org.br\/sistema\/wp-json\/wp\/v2\/media?parent=17673"}],"wp:term":[{"taxonomy":"category","embeddable":true,"href":"https:\/\/faec.org.br\/sistema\/wp-json\/wp\/v2\/categories?post=17673"},{"taxonomy":"post_tag","embeddable":true,"href":"https:\/\/faec.org.br\/sistema\/wp-json\/wp\/v2\/tags?post=17673"}],"curies":[{"name":"wp","href":"https:\/\/api.w.org\/{rel}","templated":true}]}}