{"id":17662,"date":"2024-10-24T08:14:54","date_gmt":"2024-10-24T11:14:54","guid":{"rendered":"https:\/\/faec.org.br\/sistema\/?p=17662"},"modified":"2024-10-24T08:14:54","modified_gmt":"2024-10-24T11:14:54","slug":"municipios-entregam-trabalhos-do-programa-agrinho-2024-ao-sistema-faec-senar","status":"publish","type":"post","link":"https:\/\/faec.org.br\/sistema\/municipios-entregam-trabalhos-do-programa-agrinho-2024-ao-sistema-faec-senar\/","title":{"rendered":"Munic\u00edpios entregam trabalhos do Programa Agrinho 2024 ao Sistema Faec\/Senar"},"content":{"rendered":"<figure id=\"attachment_17666\" aria-describedby=\"caption-attachment-17666\" style=\"width: 1140px\" class=\"wp-caption aligncenter\"><img loading=\"lazy\" decoding=\"async\" class=\"size-large wp-image-17666\" src=\"http:\/\/faec.org.br\/sistema\/wp-content\/uploads\/2024\/10\/OKagrinho03-1621x1080.jpg\" alt=\"\" width=\"1140\" height=\"760\" srcset=\"https:\/\/faec.org.br\/sistema\/wp-content\/uploads\/2024\/10\/OKagrinho03-1621x1080.jpg 1621w, https:\/\/faec.org.br\/sistema\/wp-content\/uploads\/2024\/10\/OKagrinho03-300x200.jpg 300w, https:\/\/faec.org.br\/sistema\/wp-content\/uploads\/2024\/10\/OKagrinho03-768x512.jpg 768w, https:\/\/faec.org.br\/sistema\/wp-content\/uploads\/2024\/10\/OKagrinho03-1536x1024.jpg 1536w, https:\/\/faec.org.br\/sistema\/wp-content\/uploads\/2024\/10\/OKagrinho03-2048x1365.jpg 2048w, https:\/\/faec.org.br\/sistema\/wp-content\/uploads\/2024\/10\/OKagrinho03-24x16.jpg 24w, https:\/\/faec.org.br\/sistema\/wp-content\/uploads\/2024\/10\/OKagrinho03-36x24.jpg 36w, https:\/\/faec.org.br\/sistema\/wp-content\/uploads\/2024\/10\/OKagrinho03-48x32.jpg 48w\" sizes=\"auto, (max-width: 1140px) 100vw, 1140px\" \/><figcaption id=\"caption-attachment-17666\" class=\"wp-caption-text\">Cerim\u00f4nia de premia\u00e7\u00e3o do Agrinho 2023<\/figcaption><\/figure>\n<p>O Sistema Faec\/Senar recebeu, nesta semana, os trabalhos dos munic\u00edpios que participar\u00e3o do concurso do Programa Agrinho 2024. O programa, que visa promover a educa\u00e7\u00e3o e a conscientiza\u00e7\u00e3o sobre a agricultura e o meio ambiente, envolve estudantes e professores em atividades pr\u00e1ticas e te\u00f3ricas com foco em temas como sa\u00fade, cidadania e desenvolvimento sustent\u00e1vel.<\/p>\n<p>Os projetos apresentados incluem diversas abordagens educativas, entre as quais campanhas de conscientiza\u00e7\u00e3o sobre o uso sustent\u00e1vel dos recursos naturais. O concurso tem o objetivo de incentivar a criatividade e o comprometimento de alunos, escolas e prefeituras. A expectativa \u00e9 que, por meio dessas iniciativas, o Programa Agrinho fortale\u00e7a a educa\u00e7\u00e3o ambiental e contribua para a forma\u00e7\u00e3o de cidad\u00e3os mais conscientes e ativos em suas comunidades.<\/p>\n<p><img loading=\"lazy\" decoding=\"async\" class=\"aligncenter size-large wp-image-17663\" src=\"http:\/\/faec.org.br\/sistema\/wp-content\/uploads\/2024\/10\/Agrinho1-1020x1080.jpg\" alt=\"\" width=\"1020\" height=\"1080\" srcset=\"https:\/\/faec.org.br\/sistema\/wp-content\/uploads\/2024\/10\/Agrinho1-1020x1080.jpg 1020w, https:\/\/faec.org.br\/sistema\/wp-content\/uploads\/2024\/10\/Agrinho1-283x300.jpg 283w, https:\/\/faec.org.br\/sistema\/wp-content\/uploads\/2024\/10\/Agrinho1-768x813.jpg 768w, https:\/\/faec.org.br\/sistema\/wp-content\/uploads\/2024\/10\/Agrinho1-24x24.jpg 24w, https:\/\/faec.org.br\/sistema\/wp-content\/uploads\/2024\/10\/Agrinho1-34x36.jpg 34w, https:\/\/faec.org.br\/sistema\/wp-content\/uploads\/2024\/10\/Agrinho1-45x48.jpg 45w, https:\/\/faec.org.br\/sistema\/wp-content\/uploads\/2024\/10\/Agrinho1.jpg 1072w\" sizes=\"auto, (max-width: 1020px) 100vw, 1020px\" \/><\/p>\n<p><img loading=\"lazy\" decoding=\"async\" class=\"aligncenter size-large wp-image-17664\" src=\"http:\/\/faec.org.br\/sistema\/wp-content\/uploads\/2024\/10\/Agrinho2-938x1080.jpg\" alt=\"\" width=\"938\" height=\"1080\" srcset=\"https:\/\/faec.org.br\/sistema\/wp-content\/uploads\/2024\/10\/Agrinho2-938x1080.jpg 938w, https:\/\/faec.org.br\/sistema\/wp-content\/uploads\/2024\/10\/Agrinho2-261x300.jpg 261w, https:\/\/faec.org.br\/sistema\/wp-content\/uploads\/2024\/10\/Agrinho2-768x884.jpg 768w, https:\/\/faec.org.br\/sistema\/wp-content\/uploads\/2024\/10\/Agrinho2-21x24.jpg 21w, https:\/\/faec.org.br\/sistema\/wp-content\/uploads\/2024\/10\/Agrinho2-31x36.jpg 31w, https:\/\/faec.org.br\/sistema\/wp-content\/uploads\/2024\/10\/Agrinho2-42x48.jpg 42w, https:\/\/faec.org.br\/sistema\/wp-content\/uploads\/2024\/10\/Agrinho2.jpg 1119w\" sizes=\"auto, (max-width: 938px) 100vw, 938px\" \/><\/p>\n<p><img loading=\"lazy\" decoding=\"async\" class=\"aligncenter size-large wp-image-17665\" src=\"http:\/\/faec.org.br\/sistema\/wp-content\/uploads\/2024\/10\/Agrinho3.jpg\" alt=\"\" width=\"761\" height=\"794\" srcset=\"https:\/\/faec.org.br\/sistema\/wp-content\/uploads\/2024\/10\/Agrinho3.jpg 761w, https:\/\/faec.org.br\/sistema\/wp-content\/uploads\/2024\/10\/Agrinho3-288x300.jpg 288w, https:\/\/faec.org.br\/sistema\/wp-content\/uploads\/2024\/10\/Agrinho3-24x24.jpg 24w, https:\/\/faec.org.br\/sistema\/wp-content\/uploads\/2024\/10\/Agrinho3-46x48.jpg 46w\" sizes=\"auto, (max-width: 761px) 100vw, 761px\" \/><\/p>\n","protected":false},"excerpt":{"rendered":"<p>O Sistema Faec\/Senar recebeu, nesta semana, os trabalhos dos munic\u00edpios que participar\u00e3o do concurso do Programa Agrinho 2024. O programa, que visa promover a educa\u00e7\u00e3o e a conscientiza\u00e7\u00e3o sobre a agricultura e o meio ambiente, envolve estudantes e professores em atividades pr\u00e1ticas e te\u00f3ricas com foco em temas como sa\u00fade, cidadania e desenvolvimento sustent\u00e1vel. Os [&hellip;]<\/p>\n","protected":false},"author":1,"featured_media":17666,"comment_status":"open","ping_status":"open","sticky":false,"template":"","format":"standard","meta":{"footnotes":"","_links_to":"","_links_to_target":""},"categories":[5],"tags":[],"class_list":{"0":"post-17662","1":"post","2":"type-post","3":"status-publish","4":"format-standard","5":"has-post-thumbnail","7":"category-noticias","8":"czr-hentry"},"aioseo_notices":[],"_links":{"self":[{"href":"https:\/\/faec.org.br\/sistema\/wp-json\/wp\/v2\/posts\/17662","targetHints":{"allow":["GET"]}}],"collection":[{"href":"https:\/\/faec.org.br\/sistema\/wp-json\/wp\/v2\/posts"}],"about":[{"href":"https:\/\/faec.org.br\/sistema\/wp-json\/wp\/v2\/types\/post"}],"author":[{"embeddable":true,"href":"https:\/\/faec.org.br\/sistema\/wp-json\/wp\/v2\/users\/1"}],"replies":[{"embeddable":true,"href":"https:\/\/faec.org.br\/sistema\/wp-json\/wp\/v2\/comments?post=17662"}],"version-history":[{"count":1,"href":"https:\/\/faec.org.br\/sistema\/wp-json\/wp\/v2\/posts\/17662\/revisions"}],"predecessor-version":[{"id":17667,"href":"https:\/\/faec.org.br\/sistema\/wp-json\/wp\/v2\/posts\/17662\/revisions\/17667"}],"wp:featuredmedia":[{"embeddable":true,"href":"https:\/\/faec.org.br\/sistema\/wp-json\/wp\/v2\/media\/17666"}],"wp:attachment":[{"href":"https:\/\/faec.org.br\/sistema\/wp-json\/wp\/v2\/media?parent=17662"}],"wp:term":[{"taxonomy":"category","embeddable":true,"href":"https:\/\/faec.org.br\/sistema\/wp-json\/wp\/v2\/categories?post=17662"},{"taxonomy":"post_tag","embeddable":true,"href":"https:\/\/faec.org.br\/sistema\/wp-json\/wp\/v2\/tags?post=17662"}],"curies":[{"name":"wp","href":"https:\/\/api.w.org\/{rel}","templated":true}]}}