{"id":17532,"date":"2024-09-10T08:01:37","date_gmt":"2024-09-10T11:01:37","guid":{"rendered":"https:\/\/faec.org.br\/sistema\/?p=17532"},"modified":"2024-09-10T08:01:37","modified_gmt":"2024-09-10T11:01:37","slug":"faec-e-cdl-fortalecem-lacos-em-encontro-de-liderancas-em-fortaleza","status":"publish","type":"post","link":"https:\/\/faec.org.br\/sistema\/faec-e-cdl-fortalecem-lacos-em-encontro-de-liderancas-em-fortaleza\/","title":{"rendered":"Faec e CDL fortalecem la\u00e7os em encontro de lideran\u00e7as em Fortaleza"},"content":{"rendered":"<p><img loading=\"lazy\" decoding=\"async\" class=\"aligncenter size-large wp-image-17533\" src=\"http:\/\/faec.org.br\/sistema\/wp-content\/uploads\/2024\/09\/Amilcar.CDL_-1440x1080.jpg\" alt=\"\" width=\"1140\" height=\"855\" srcset=\"https:\/\/faec.org.br\/sistema\/wp-content\/uploads\/2024\/09\/Amilcar.CDL_-1440x1080.jpg 1440w, https:\/\/faec.org.br\/sistema\/wp-content\/uploads\/2024\/09\/Amilcar.CDL_-300x225.jpg 300w, https:\/\/faec.org.br\/sistema\/wp-content\/uploads\/2024\/09\/Amilcar.CDL_-768x576.jpg 768w, https:\/\/faec.org.br\/sistema\/wp-content\/uploads\/2024\/09\/Amilcar.CDL_-1536x1152.jpg 1536w, https:\/\/faec.org.br\/sistema\/wp-content\/uploads\/2024\/09\/Amilcar.CDL_-24x18.jpg 24w, https:\/\/faec.org.br\/sistema\/wp-content\/uploads\/2024\/09\/Amilcar.CDL_-36x27.jpg 36w, https:\/\/faec.org.br\/sistema\/wp-content\/uploads\/2024\/09\/Amilcar.CDL_-48x36.jpg 48w, https:\/\/faec.org.br\/sistema\/wp-content\/uploads\/2024\/09\/Amilcar.CDL_.jpg 1600w\" sizes=\"auto, (max-width: 1140px) 100vw, 1140px\" \/><\/p>\n<p>O presidente da Federa\u00e7\u00e3o da Agricultura e Pecu\u00e1ria do Estado do Cear\u00e1 (Faec), Am\u00edlcar Silveira, se reuniu, nesta segunda-feira (9), com a diretoria da C\u00e2mara de Dirigentes Lojistas (CDL) de Fortaleza e da Federa\u00e7\u00e3o das CDLs (FCDL) do Cear\u00e1.<\/p>\n<p>No almo\u00e7o de boas vindas promovido pela CDL Fortaleza, o presidente da Faec apresentou os n\u00fameros do agroneg\u00f3cio cearense e refor\u00e7ou seu compromisso em estreitar la\u00e7os entre as institui\u00e7\u00f5es.<\/p>\n<p>Na ocasi\u00e3o, Am\u00edlcar Silveira foi recebido por Assis Cavalcante (presidente da CDL Fortaleza), Freitas Cordeiro (presidente da FCDL), e Hon\u00f3rio Pinheiro (ex-presidente da Confedera\u00e7\u00e3o Nacional de Dirigentes Lojistas &#8211; CNDL). O evento contou ainda com os representantes da CDL Jovem.<\/p>\n","protected":false},"excerpt":{"rendered":"<p>O presidente da Federa\u00e7\u00e3o da Agricultura e Pecu\u00e1ria do Estado do Cear\u00e1 (Faec), Am\u00edlcar Silveira, se reuniu, nesta segunda-feira (9), com a diretoria da C\u00e2mara de Dirigentes Lojistas (CDL) de Fortaleza e da Federa\u00e7\u00e3o das CDLs (FCDL) do Cear\u00e1. No almo\u00e7o de boas vindas promovido pela CDL Fortaleza, o presidente da Faec apresentou os n\u00fameros [&hellip;]<\/p>\n","protected":false},"author":1,"featured_media":17534,"comment_status":"open","ping_status":"open","sticky":false,"template":"","format":"standard","meta":{"footnotes":"","_links_to":"","_links_to_target":""},"categories":[5],"tags":[],"class_list":{"0":"post-17532","1":"post","2":"type-post","3":"status-publish","4":"format-standard","5":"has-post-thumbnail","7":"category-noticias","8":"czr-hentry"},"aioseo_notices":[],"_links":{"self":[{"href":"https:\/\/faec.org.br\/sistema\/wp-json\/wp\/v2\/posts\/17532","targetHints":{"allow":["GET"]}}],"collection":[{"href":"https:\/\/faec.org.br\/sistema\/wp-json\/wp\/v2\/posts"}],"about":[{"href":"https:\/\/faec.org.br\/sistema\/wp-json\/wp\/v2\/types\/post"}],"author":[{"embeddable":true,"href":"https:\/\/faec.org.br\/sistema\/wp-json\/wp\/v2\/users\/1"}],"replies":[{"embeddable":true,"href":"https:\/\/faec.org.br\/sistema\/wp-json\/wp\/v2\/comments?post=17532"}],"version-history":[{"count":1,"href":"https:\/\/faec.org.br\/sistema\/wp-json\/wp\/v2\/posts\/17532\/revisions"}],"predecessor-version":[{"id":17535,"href":"https:\/\/faec.org.br\/sistema\/wp-json\/wp\/v2\/posts\/17532\/revisions\/17535"}],"wp:featuredmedia":[{"embeddable":true,"href":"https:\/\/faec.org.br\/sistema\/wp-json\/wp\/v2\/media\/17534"}],"wp:attachment":[{"href":"https:\/\/faec.org.br\/sistema\/wp-json\/wp\/v2\/media?parent=17532"}],"wp:term":[{"taxonomy":"category","embeddable":true,"href":"https:\/\/faec.org.br\/sistema\/wp-json\/wp\/v2\/categories?post=17532"},{"taxonomy":"post_tag","embeddable":true,"href":"https:\/\/faec.org.br\/sistema\/wp-json\/wp\/v2\/tags?post=17532"}],"curies":[{"name":"wp","href":"https:\/\/api.w.org\/{rel}","templated":true}]}}