{"id":17526,"date":"2024-09-09T08:36:13","date_gmt":"2024-09-09T11:36:13","guid":{"rendered":"https:\/\/faec.org.br\/sistema\/?p=17526"},"modified":"2024-09-09T08:36:13","modified_gmt":"2024-09-09T11:36:13","slug":"pacajus-recebe-projeto-retificar","status":"publish","type":"post","link":"https:\/\/faec.org.br\/sistema\/pacajus-recebe-projeto-retificar\/","title":{"rendered":"Pacaj\u00fas recebe Projeto RetifiCAR"},"content":{"rendered":"<p><img loading=\"lazy\" decoding=\"async\" class=\"aligncenter size-full wp-image-17527\" src=\"http:\/\/faec.org.br\/sistema\/wp-content\/uploads\/2024\/09\/retificar.pacajus.jpg\" alt=\"\" width=\"1280\" height=\"960\" srcset=\"https:\/\/faec.org.br\/sistema\/wp-content\/uploads\/2024\/09\/retificar.pacajus.jpg 1280w, https:\/\/faec.org.br\/sistema\/wp-content\/uploads\/2024\/09\/retificar.pacajus-300x225.jpg 300w, https:\/\/faec.org.br\/sistema\/wp-content\/uploads\/2024\/09\/retificar.pacajus-768x576.jpg 768w, https:\/\/faec.org.br\/sistema\/wp-content\/uploads\/2024\/09\/retificar.pacajus-24x18.jpg 24w, https:\/\/faec.org.br\/sistema\/wp-content\/uploads\/2024\/09\/retificar.pacajus-36x27.jpg 36w, https:\/\/faec.org.br\/sistema\/wp-content\/uploads\/2024\/09\/retificar.pacajus-48x36.jpg 48w\" sizes=\"auto, (max-width: 1280px) 100vw, 1280px\" \/><\/p>\n<p>O Sistema Faec\/Senar, em parceria com a Confedera\u00e7\u00e3o da Agricultura e Pecu\u00e1ria do Brasil (CNA) e o Sindicato Rural de Horizonte, promoveu, no in\u00edcio de setembro, o Projeto RetifiCAR no munic\u00edpio de Pacaj\u00fas.<\/p>\n<p>A a\u00e7\u00e3o contou com a participa\u00e7\u00e3o do t\u00e9cnico do Sistema CNA, Davi Queiroz, e do presidente do Sindicato Rural de Horizonte, Francisco Jos\u00e9 de Sousa.<\/p>\n<p>O Projeto busca auxiliar o produtor rural na retifica\u00e7\u00e3o do Cadastro Ambiental Rural (CAR). O CAR ativo proporciona uma s\u00e9rie de benef\u00edcios ao produtor, como o acesso a cr\u00e9dito rural e a benef\u00edcios dos programas da agricultura familiar.<\/p>\n","protected":false},"excerpt":{"rendered":"<p>O Sistema Faec\/Senar, em parceria com a Confedera\u00e7\u00e3o da Agricultura e Pecu\u00e1ria do Brasil (CNA) e o Sindicato Rural de Horizonte, promoveu, no in\u00edcio de setembro, o Projeto RetifiCAR no munic\u00edpio de Pacaj\u00fas. A a\u00e7\u00e3o contou com a participa\u00e7\u00e3o do t\u00e9cnico do Sistema CNA, Davi Queiroz, e do presidente do Sindicato Rural de Horizonte, Francisco [&hellip;]<\/p>\n","protected":false},"author":1,"featured_media":17527,"comment_status":"open","ping_status":"open","sticky":false,"template":"","format":"standard","meta":{"footnotes":"","_links_to":"","_links_to_target":""},"categories":[5],"tags":[],"class_list":{"0":"post-17526","1":"post","2":"type-post","3":"status-publish","4":"format-standard","5":"has-post-thumbnail","7":"category-noticias","8":"czr-hentry"},"aioseo_notices":[],"_links":{"self":[{"href":"https:\/\/faec.org.br\/sistema\/wp-json\/wp\/v2\/posts\/17526","targetHints":{"allow":["GET"]}}],"collection":[{"href":"https:\/\/faec.org.br\/sistema\/wp-json\/wp\/v2\/posts"}],"about":[{"href":"https:\/\/faec.org.br\/sistema\/wp-json\/wp\/v2\/types\/post"}],"author":[{"embeddable":true,"href":"https:\/\/faec.org.br\/sistema\/wp-json\/wp\/v2\/users\/1"}],"replies":[{"embeddable":true,"href":"https:\/\/faec.org.br\/sistema\/wp-json\/wp\/v2\/comments?post=17526"}],"version-history":[{"count":1,"href":"https:\/\/faec.org.br\/sistema\/wp-json\/wp\/v2\/posts\/17526\/revisions"}],"predecessor-version":[{"id":17528,"href":"https:\/\/faec.org.br\/sistema\/wp-json\/wp\/v2\/posts\/17526\/revisions\/17528"}],"wp:featuredmedia":[{"embeddable":true,"href":"https:\/\/faec.org.br\/sistema\/wp-json\/wp\/v2\/media\/17527"}],"wp:attachment":[{"href":"https:\/\/faec.org.br\/sistema\/wp-json\/wp\/v2\/media?parent=17526"}],"wp:term":[{"taxonomy":"category","embeddable":true,"href":"https:\/\/faec.org.br\/sistema\/wp-json\/wp\/v2\/categories?post=17526"},{"taxonomy":"post_tag","embeddable":true,"href":"https:\/\/faec.org.br\/sistema\/wp-json\/wp\/v2\/tags?post=17526"}],"curies":[{"name":"wp","href":"https:\/\/api.w.org\/{rel}","templated":true}]}}