{"id":17520,"date":"2024-09-04T11:19:28","date_gmt":"2024-09-04T14:19:28","guid":{"rendered":"https:\/\/faec.org.br\/sistema\/?p=17520"},"modified":"2024-09-04T11:19:28","modified_gmt":"2024-09-04T14:19:28","slug":"amilcar-silveira-apresenta-projeto-algodao-do-ceara","status":"publish","type":"post","link":"https:\/\/faec.org.br\/sistema\/amilcar-silveira-apresenta-projeto-algodao-do-ceara\/","title":{"rendered":"Am\u00edlcar Silveira apresenta Projeto Algod\u00e3o do Cear\u00e1"},"content":{"rendered":"<p><img loading=\"lazy\" decoding=\"async\" class=\"aligncenter size-full wp-image-17521\" src=\"http:\/\/faec.org.br\/sistema\/wp-content\/uploads\/2024\/09\/47bddcba-5b3b-4d36-b030-84d1a342179a.jpg\" alt=\"\" width=\"1151\" height=\"720\" srcset=\"https:\/\/faec.org.br\/sistema\/wp-content\/uploads\/2024\/09\/47bddcba-5b3b-4d36-b030-84d1a342179a.jpg 1151w, https:\/\/faec.org.br\/sistema\/wp-content\/uploads\/2024\/09\/47bddcba-5b3b-4d36-b030-84d1a342179a-300x188.jpg 300w, https:\/\/faec.org.br\/sistema\/wp-content\/uploads\/2024\/09\/47bddcba-5b3b-4d36-b030-84d1a342179a-768x480.jpg 768w, https:\/\/faec.org.br\/sistema\/wp-content\/uploads\/2024\/09\/47bddcba-5b3b-4d36-b030-84d1a342179a-24x15.jpg 24w, https:\/\/faec.org.br\/sistema\/wp-content\/uploads\/2024\/09\/47bddcba-5b3b-4d36-b030-84d1a342179a-36x23.jpg 36w, https:\/\/faec.org.br\/sistema\/wp-content\/uploads\/2024\/09\/47bddcba-5b3b-4d36-b030-84d1a342179a-48x30.jpg 48w\" sizes=\"auto, (max-width: 1151px) 100vw, 1151px\" \/><\/p>\n<p>O presidente da Federa\u00e7\u00e3o da Agricultura e Pecu\u00e1ria do Estado do Cear\u00e1 (Faec), Am\u00edlcar Silveira, participou, na manh\u00e3 desta quarta-feira (4), da cerim\u00f4nia de lan\u00e7amento do Projeto Algod\u00e3o do Cear\u00e1. O evento foi realizado no Centro de Eventos do Cear\u00e1.<\/p>\n<p>Na ocasi\u00e3o, Am\u00edlcar Silveira apresentou o hist\u00f3rico da cotonicultura no Estado, destacou o potencial do Cear\u00e1 para a produ\u00e7\u00e3o de algod\u00e3o de alto valor agregado e seus impactos positivos para o desenvolvimento econ\u00f4mico da regi\u00e3o.<\/p>\n<p>\u201cO que nos move \u00e9 tentar desenvolver o estado do Cear\u00e1. Unir Faec, Fiec e Governo do Estado em prol do desenvolvimento do Cear\u00e1 \u00e9 muito importante para todos n\u00f3s\u201d disse Am\u00edlcar Silveira. \u201cOs nossos esfor\u00e7os s\u00e3o para que o algod\u00e3o possa ser uma das sa\u00eddas para melhorar a qualidade de vida do nosso homem do campo\u201d.<\/p>\n<p>A cerim\u00f4nia de lan\u00e7amento contou com a participa\u00e7\u00e3o do presidente da Fiec, Ricardo Cavalcante, do secret\u00e1rio de Desenvolvimento Econ\u00f4mico do Cear\u00e1, Salmito Filho, e do secret\u00e1rio executivo do Agroneg\u00f3cio do Estado do Cear\u00e1, Silvio Carlos Ribeiro.<\/p>\n<p>O Projeto Algod\u00e3o do Cear\u00e1 \u00e9 fruto de uma parceria entre Faec, Fiec, Embrapa, Sebrae e Governo do Estado do Cear\u00e1, com o apoio da Fersan.<\/p>\n","protected":false},"excerpt":{"rendered":"<p>O presidente da Federa\u00e7\u00e3o da Agricultura e Pecu\u00e1ria do Estado do Cear\u00e1 (Faec), Am\u00edlcar Silveira, participou, na manh\u00e3 desta quarta-feira (4), da cerim\u00f4nia de lan\u00e7amento do Projeto Algod\u00e3o do Cear\u00e1. O evento foi realizado no Centro de Eventos do Cear\u00e1. Na ocasi\u00e3o, Am\u00edlcar Silveira apresentou o hist\u00f3rico da cotonicultura no Estado, destacou o potencial do [&hellip;]<\/p>\n","protected":false},"author":1,"featured_media":17522,"comment_status":"open","ping_status":"open","sticky":false,"template":"","format":"standard","meta":{"footnotes":"","_links_to":"","_links_to_target":""},"categories":[5],"tags":[],"class_list":{"0":"post-17520","1":"post","2":"type-post","3":"status-publish","4":"format-standard","5":"has-post-thumbnail","7":"category-noticias","8":"czr-hentry"},"aioseo_notices":[],"_links":{"self":[{"href":"https:\/\/faec.org.br\/sistema\/wp-json\/wp\/v2\/posts\/17520","targetHints":{"allow":["GET"]}}],"collection":[{"href":"https:\/\/faec.org.br\/sistema\/wp-json\/wp\/v2\/posts"}],"about":[{"href":"https:\/\/faec.org.br\/sistema\/wp-json\/wp\/v2\/types\/post"}],"author":[{"embeddable":true,"href":"https:\/\/faec.org.br\/sistema\/wp-json\/wp\/v2\/users\/1"}],"replies":[{"embeddable":true,"href":"https:\/\/faec.org.br\/sistema\/wp-json\/wp\/v2\/comments?post=17520"}],"version-history":[{"count":1,"href":"https:\/\/faec.org.br\/sistema\/wp-json\/wp\/v2\/posts\/17520\/revisions"}],"predecessor-version":[{"id":17523,"href":"https:\/\/faec.org.br\/sistema\/wp-json\/wp\/v2\/posts\/17520\/revisions\/17523"}],"wp:featuredmedia":[{"embeddable":true,"href":"https:\/\/faec.org.br\/sistema\/wp-json\/wp\/v2\/media\/17522"}],"wp:attachment":[{"href":"https:\/\/faec.org.br\/sistema\/wp-json\/wp\/v2\/media?parent=17520"}],"wp:term":[{"taxonomy":"category","embeddable":true,"href":"https:\/\/faec.org.br\/sistema\/wp-json\/wp\/v2\/categories?post=17520"},{"taxonomy":"post_tag","embeddable":true,"href":"https:\/\/faec.org.br\/sistema\/wp-json\/wp\/v2\/tags?post=17520"}],"curies":[{"name":"wp","href":"https:\/\/api.w.org\/{rel}","templated":true}]}}