{"id":17439,"date":"2024-07-24T09:58:00","date_gmt":"2024-07-24T12:58:00","guid":{"rendered":"https:\/\/faec.org.br\/sistema\/?p=17439"},"modified":"2024-07-24T09:58:00","modified_gmt":"2024-07-24T12:58:00","slug":"ibiapaba-agrotech-2024-comeca-nesta-quinta-25","status":"publish","type":"post","link":"https:\/\/faec.org.br\/sistema\/ibiapaba-agrotech-2024-comeca-nesta-quinta-25\/","title":{"rendered":"Ibiapaba Agrotech 2024 come\u00e7a nesta quinta (25)"},"content":{"rendered":"<p><img loading=\"lazy\" decoding=\"async\" class=\"size-full wp-image-17440 aligncenter\" src=\"http:\/\/faec.org.br\/sistema\/wp-content\/uploads\/2024\/07\/Ibiapaba.webp\" alt=\"\" width=\"1156\" height=\"900\" srcset=\"https:\/\/faec.org.br\/sistema\/wp-content\/uploads\/2024\/07\/Ibiapaba.webp 1156w, https:\/\/faec.org.br\/sistema\/wp-content\/uploads\/2024\/07\/Ibiapaba-300x234.webp 300w, https:\/\/faec.org.br\/sistema\/wp-content\/uploads\/2024\/07\/Ibiapaba-768x598.webp 768w, https:\/\/faec.org.br\/sistema\/wp-content\/uploads\/2024\/07\/Ibiapaba-24x19.webp 24w, https:\/\/faec.org.br\/sistema\/wp-content\/uploads\/2024\/07\/Ibiapaba-36x28.webp 36w, https:\/\/faec.org.br\/sistema\/wp-content\/uploads\/2024\/07\/Ibiapaba-48x37.webp 48w\" sizes=\"auto, (max-width: 1156px) 100vw, 1156px\" \/><\/p>\n<p>Come\u00e7a nesta quinta-feira (25), em Guaraciaba do Norte, o Ibiapaba Agrotech 2024. Com o tema Agricultura Sustent\u00e1vel do campo \u00e0 mesa, o evento busca promover pr\u00e1ticas agr\u00edcolas sustent\u00e1veis com viabilidade econ\u00f4mica. O evento segue at\u00e9 27 de julho.<\/p>\n<p>O evento contar\u00e1 com feira e agenda t\u00e9cnica, que ir\u00e1 abordar t\u00e9cnicas como rota\u00e7\u00e3o de culturas, aduba\u00e7\u00e3o verde, controle biol\u00f3gico de pragas, redu\u00e7\u00e3o do impacto ambiental, e promo\u00e7\u00e3o de experi\u00eancias tur\u00edsticas com foco na redu\u00e7\u00e3o de danos ao meio ambiente.<\/p>\n<p>Na primeira edi\u00e7\u00e3o, o Ibiapaba Agrotech recebeu mais de 100 empresas expositoras e cerca de 20 mil visitantes nos 3 dias de evento. Ao todo, foram concedidos mais de R$ 6,5 milh\u00f5es em linhas de cr\u00e9ditos para agricultores da regi\u00e3o.<\/p>\n<p>Maior PIB agr\u00edcola do Cear\u00e1, a Serra da Ibiapaba se destaca como o maior produtor estadual de hortifrutigranjeiros, cacha\u00e7as, abacate, maracuj\u00e1, batata doce e morango. Possui ainda o maior polo de floricultura da regi\u00e3o Nordeste sendo pioneira em cultivo protegido.<\/p>\n<p>O Ibiapaba Agrotech 2024 \u00e9 uma realiza\u00e7\u00e3o do Sebrae\/CE e da Prefeitura de Guaraciaba do Norte e conta com o apoio institucional do Sistema Faec\/Senar.<\/p>\n","protected":false},"excerpt":{"rendered":"<p>Come\u00e7a nesta quinta-feira (25), em Guaraciaba do Norte, o Ibiapaba Agrotech 2024. Com o tema Agricultura Sustent\u00e1vel do campo \u00e0 mesa, o evento busca promover pr\u00e1ticas agr\u00edcolas sustent\u00e1veis com viabilidade econ\u00f4mica. O evento segue at\u00e9 27 de julho. O evento contar\u00e1 com feira e agenda t\u00e9cnica, que ir\u00e1 abordar t\u00e9cnicas como rota\u00e7\u00e3o de culturas, aduba\u00e7\u00e3o [&hellip;]<\/p>\n","protected":false},"author":1,"featured_media":17440,"comment_status":"open","ping_status":"open","sticky":false,"template":"","format":"standard","meta":{"footnotes":"","_links_to":"","_links_to_target":""},"categories":[5],"tags":[],"class_list":{"0":"post-17439","1":"post","2":"type-post","3":"status-publish","4":"format-standard","5":"has-post-thumbnail","7":"category-noticias","8":"czr-hentry"},"aioseo_notices":[],"_links":{"self":[{"href":"https:\/\/faec.org.br\/sistema\/wp-json\/wp\/v2\/posts\/17439","targetHints":{"allow":["GET"]}}],"collection":[{"href":"https:\/\/faec.org.br\/sistema\/wp-json\/wp\/v2\/posts"}],"about":[{"href":"https:\/\/faec.org.br\/sistema\/wp-json\/wp\/v2\/types\/post"}],"author":[{"embeddable":true,"href":"https:\/\/faec.org.br\/sistema\/wp-json\/wp\/v2\/users\/1"}],"replies":[{"embeddable":true,"href":"https:\/\/faec.org.br\/sistema\/wp-json\/wp\/v2\/comments?post=17439"}],"version-history":[{"count":1,"href":"https:\/\/faec.org.br\/sistema\/wp-json\/wp\/v2\/posts\/17439\/revisions"}],"predecessor-version":[{"id":17441,"href":"https:\/\/faec.org.br\/sistema\/wp-json\/wp\/v2\/posts\/17439\/revisions\/17441"}],"wp:featuredmedia":[{"embeddable":true,"href":"https:\/\/faec.org.br\/sistema\/wp-json\/wp\/v2\/media\/17440"}],"wp:attachment":[{"href":"https:\/\/faec.org.br\/sistema\/wp-json\/wp\/v2\/media?parent=17439"}],"wp:term":[{"taxonomy":"category","embeddable":true,"href":"https:\/\/faec.org.br\/sistema\/wp-json\/wp\/v2\/categories?post=17439"},{"taxonomy":"post_tag","embeddable":true,"href":"https:\/\/faec.org.br\/sistema\/wp-json\/wp\/v2\/tags?post=17439"}],"curies":[{"name":"wp","href":"https:\/\/api.w.org\/{rel}","templated":true}]}}