{"id":17338,"date":"2024-05-29T08:23:09","date_gmt":"2024-05-29T11:23:09","guid":{"rendered":"https:\/\/faec.org.br\/sistema\/?p=17338"},"modified":"2024-05-29T08:23:09","modified_gmt":"2024-05-29T11:23:09","slug":"carreta-agro-leva-oficina-de-cortes-de-ovinos-e-caprinos-a-lavras-da-mangabeira","status":"publish","type":"post","link":"https:\/\/faec.org.br\/sistema\/carreta-agro-leva-oficina-de-cortes-de-ovinos-e-caprinos-a-lavras-da-mangabeira\/","title":{"rendered":"Carreta Agro leva oficina de cortes de ovinos e caprinos a Lavras da Mangabeira"},"content":{"rendered":"<p><img loading=\"lazy\" decoding=\"async\" class=\"aligncenter size-full wp-image-17339\" src=\"http:\/\/faec.org.br\/sistema\/wp-content\/uploads\/2024\/05\/carreta.jpg\" alt=\"\" width=\"835\" height=\"489\" srcset=\"https:\/\/faec.org.br\/sistema\/wp-content\/uploads\/2024\/05\/carreta.jpg 835w, https:\/\/faec.org.br\/sistema\/wp-content\/uploads\/2024\/05\/carreta-300x176.jpg 300w, https:\/\/faec.org.br\/sistema\/wp-content\/uploads\/2024\/05\/carreta-768x450.jpg 768w, https:\/\/faec.org.br\/sistema\/wp-content\/uploads\/2024\/05\/carreta-24x14.jpg 24w, https:\/\/faec.org.br\/sistema\/wp-content\/uploads\/2024\/05\/carreta-36x21.jpg 36w, https:\/\/faec.org.br\/sistema\/wp-content\/uploads\/2024\/05\/carreta-48x28.jpg 48w\" sizes=\"auto, (max-width: 835px) 100vw, 835px\" \/><\/p>\n<p>&nbsp;<\/p>\n<p>O Sindicato Rural de Lavras da Mangabeira promoveu na sexta-feira (24) uma oficina de Cortes Padronizados de Carca\u00e7as de Ovinos e Caprinos. A a\u00e7\u00e3o foi realizada na Carreta Agro, equipamento do Sistema Faec\/Senar idealizado para atender, in loco, o produtor rural. A oficina, fruto de uma parceria com o Sindicato Rural de Lavras da Mangabeira, presidido por Dorimedonte Ferrer, recebeu produtores e alunos da rede de ensino do munic\u00edpio.<\/p>\n","protected":false},"excerpt":{"rendered":"<p>&nbsp; O Sindicato Rural de Lavras da Mangabeira promoveu na sexta-feira (24) uma oficina de Cortes Padronizados de Carca\u00e7as de Ovinos e Caprinos. A a\u00e7\u00e3o foi realizada na Carreta Agro, equipamento do Sistema Faec\/Senar idealizado para atender, in loco, o produtor rural. A oficina, fruto de uma parceria com o Sindicato Rural de Lavras da [&hellip;]<\/p>\n","protected":false},"author":1,"featured_media":17339,"comment_status":"open","ping_status":"open","sticky":false,"template":"","format":"standard","meta":{"footnotes":"","_links_to":"","_links_to_target":""},"categories":[5],"tags":[],"class_list":{"0":"post-17338","1":"post","2":"type-post","3":"status-publish","4":"format-standard","5":"has-post-thumbnail","7":"category-noticias","8":"czr-hentry"},"aioseo_notices":[],"_links":{"self":[{"href":"https:\/\/faec.org.br\/sistema\/wp-json\/wp\/v2\/posts\/17338","targetHints":{"allow":["GET"]}}],"collection":[{"href":"https:\/\/faec.org.br\/sistema\/wp-json\/wp\/v2\/posts"}],"about":[{"href":"https:\/\/faec.org.br\/sistema\/wp-json\/wp\/v2\/types\/post"}],"author":[{"embeddable":true,"href":"https:\/\/faec.org.br\/sistema\/wp-json\/wp\/v2\/users\/1"}],"replies":[{"embeddable":true,"href":"https:\/\/faec.org.br\/sistema\/wp-json\/wp\/v2\/comments?post=17338"}],"version-history":[{"count":1,"href":"https:\/\/faec.org.br\/sistema\/wp-json\/wp\/v2\/posts\/17338\/revisions"}],"predecessor-version":[{"id":17340,"href":"https:\/\/faec.org.br\/sistema\/wp-json\/wp\/v2\/posts\/17338\/revisions\/17340"}],"wp:featuredmedia":[{"embeddable":true,"href":"https:\/\/faec.org.br\/sistema\/wp-json\/wp\/v2\/media\/17339"}],"wp:attachment":[{"href":"https:\/\/faec.org.br\/sistema\/wp-json\/wp\/v2\/media?parent=17338"}],"wp:term":[{"taxonomy":"category","embeddable":true,"href":"https:\/\/faec.org.br\/sistema\/wp-json\/wp\/v2\/categories?post=17338"},{"taxonomy":"post_tag","embeddable":true,"href":"https:\/\/faec.org.br\/sistema\/wp-json\/wp\/v2\/tags?post=17338"}],"curies":[{"name":"wp","href":"https:\/\/api.w.org\/{rel}","templated":true}]}}