{"id":17324,"date":"2024-05-24T11:52:37","date_gmt":"2024-05-24T14:52:37","guid":{"rendered":"https:\/\/faec.org.br\/sistema\/?p=17324"},"modified":"2024-05-24T13:33:17","modified_gmt":"2024-05-24T16:33:17","slug":"projeto-de-desenvolvimento-e-melhoramento-genetico-da-bovinocultura-de-leite-no-estado-do-ceara","status":"publish","type":"post","link":"https:\/\/faec.org.br\/sistema\/projeto-de-desenvolvimento-e-melhoramento-genetico-da-bovinocultura-de-leite-no-estado-do-ceara\/","title":{"rendered":"PROJETO DE DESENVOLVIMENTO E MELHORAMENTO GEN\u00c9TICO DA BOVINOCULTURA DE LEITE NO ESTADO DO CEAR\u00c1"},"content":{"rendered":"<p style=\"text-align: justify;\">Os embri\u00f5es produzidos por Fertiliza\u00e7\u00e3o in Vitro (FIV), por criat\u00f3rios especializados em sele\u00e7\u00e3o gen\u00e9tica, proporcionam um avan\u00e7o gen\u00e9tico de 5 a 7 gera\u00e7\u00f5es, ou seja um avan\u00e7o gen\u00e9tico m\u00ednimo de 25 anos, enquanto a Insemina\u00e7\u00e3o Artificial em Tempo Fixo (IATF) avan\u00e7a, no m\u00e1ximo, 5 gera\u00e7\u00f5es, pois depende da sele\u00e7\u00e3o gen\u00e9tica das matrizes que ser\u00e3o inseminadas.<\/p>\n<p style=\"text-align: justify;\">Diante disso, a Faec firmou um conv\u00eanio com o Sebrae para disponibilizar embri\u00f5es de alto valor gen\u00e9tico aos pequenos e m\u00e9dios produtores do Cear\u00e1, com o objetivo de proporcionar o avan\u00e7o do rebanho bovino leiteiro cearense, por meio de consultorias especializadas em melhoramento gen\u00e9tico.<\/p>\n<p style=\"text-align: justify;\">O Projeto de Fertiliza\u00e7\u00e3o in Vitro do Cear\u00e1 ir\u00e1 contemplar mais de 900 produtores com 2.700 prenhezes, ao longo dos tr\u00eas anos de a\u00e7\u00e3o. Os laborat\u00f3rios produtores dos embri\u00f5es, possuem, obrigatoriamente certifica\u00e7\u00e3o junto ao Minist\u00e9rio da Agricultura.<\/p>\n<p style=\"text-align: justify;\">Assim, cerca de tr\u00eas mil animais de alto valor gen\u00e9tico, oriundos de doadoras e reprodutores testados e avaliados em provas de desempenho gen\u00e9tico, ir\u00e3o compor o rebanho cearense.<\/p>\n<p style=\"text-align: justify;\">Para mais informa\u00e7\u00f5es, entre em contato com seu Sindicato Rural: <a href=\"https:\/\/faec.org.br\/sinrural\/encontre-seu-sindicato-rural\/\">https:\/\/faec.org.br\/sinrural\/encontre-seu-sindicato-rural\/<\/a><\/p>\n","protected":false},"excerpt":{"rendered":"<p>Os embri\u00f5es produzidos por Fertiliza\u00e7\u00e3o in Vitro (FIV), por criat\u00f3rios especializados em sele\u00e7\u00e3o gen\u00e9tica, proporcionam um avan\u00e7o gen\u00e9tico de 5 a 7 gera\u00e7\u00f5es, ou seja um avan\u00e7o gen\u00e9tico m\u00ednimo de 25 anos, enquanto a Insemina\u00e7\u00e3o Artificial em Tempo Fixo (IATF) avan\u00e7a, no m\u00e1ximo, 5 gera\u00e7\u00f5es, pois depende da sele\u00e7\u00e3o gen\u00e9tica das matrizes que ser\u00e3o inseminadas. [&hellip;]<\/p>\n","protected":false},"author":1,"featured_media":17328,"comment_status":"open","ping_status":"open","sticky":true,"template":"","format":"standard","meta":{"footnotes":"","_links_to":"","_links_to_target":""},"categories":[5,26,203],"tags":[],"class_list":{"0":"post-17324","1":"post","2":"type-post","3":"status-publish","4":"format-standard","5":"has-post-thumbnail","7":"category-noticias","8":"category-destaque","9":"category-noticias-dos-sindicatos","10":"czr-hentry"},"aioseo_notices":[],"_links":{"self":[{"href":"https:\/\/faec.org.br\/sistema\/wp-json\/wp\/v2\/posts\/17324","targetHints":{"allow":["GET"]}}],"collection":[{"href":"https:\/\/faec.org.br\/sistema\/wp-json\/wp\/v2\/posts"}],"about":[{"href":"https:\/\/faec.org.br\/sistema\/wp-json\/wp\/v2\/types\/post"}],"author":[{"embeddable":true,"href":"https:\/\/faec.org.br\/sistema\/wp-json\/wp\/v2\/users\/1"}],"replies":[{"embeddable":true,"href":"https:\/\/faec.org.br\/sistema\/wp-json\/wp\/v2\/comments?post=17324"}],"version-history":[{"count":2,"href":"https:\/\/faec.org.br\/sistema\/wp-json\/wp\/v2\/posts\/17324\/revisions"}],"predecessor-version":[{"id":17329,"href":"https:\/\/faec.org.br\/sistema\/wp-json\/wp\/v2\/posts\/17324\/revisions\/17329"}],"wp:featuredmedia":[{"embeddable":true,"href":"https:\/\/faec.org.br\/sistema\/wp-json\/wp\/v2\/media\/17328"}],"wp:attachment":[{"href":"https:\/\/faec.org.br\/sistema\/wp-json\/wp\/v2\/media?parent=17324"}],"wp:term":[{"taxonomy":"category","embeddable":true,"href":"https:\/\/faec.org.br\/sistema\/wp-json\/wp\/v2\/categories?post=17324"},{"taxonomy":"post_tag","embeddable":true,"href":"https:\/\/faec.org.br\/sistema\/wp-json\/wp\/v2\/tags?post=17324"}],"curies":[{"name":"wp","href":"https:\/\/api.w.org\/{rel}","templated":true}]}}