{"id":17285,"date":"2024-05-09T09:21:23","date_gmt":"2024-05-09T12:21:23","guid":{"rendered":"https:\/\/faec.org.br\/sistema\/?p=17285"},"modified":"2024-05-09T09:21:23","modified_gmt":"2024-05-09T12:21:23","slug":"sinrural-de-independencia-e-embrapa-se-unem-para-impulsionar-pesquisa-em-ovinocaprinocultura","status":"publish","type":"post","link":"https:\/\/faec.org.br\/sistema\/sinrural-de-independencia-e-embrapa-se-unem-para-impulsionar-pesquisa-em-ovinocaprinocultura\/","title":{"rendered":"Sinrural de Independ\u00eancia e Embrapa se unem para impulsionar pesquisa em ovinocaprinocultura"},"content":{"rendered":"<p><img loading=\"lazy\" decoding=\"async\" class=\"aligncenter size-full wp-image-17286\" src=\"http:\/\/faec.org.br\/sistema\/wp-content\/uploads\/2024\/05\/Indepndencia1.jpg\" alt=\"\" width=\"827\" height=\"639\" srcset=\"https:\/\/faec.org.br\/sistema\/wp-content\/uploads\/2024\/05\/Indepndencia1.jpg 827w, https:\/\/faec.org.br\/sistema\/wp-content\/uploads\/2024\/05\/Indepndencia1-300x232.jpg 300w, https:\/\/faec.org.br\/sistema\/wp-content\/uploads\/2024\/05\/Indepndencia1-768x593.jpg 768w, https:\/\/faec.org.br\/sistema\/wp-content\/uploads\/2024\/05\/Indepndencia1-24x19.jpg 24w, https:\/\/faec.org.br\/sistema\/wp-content\/uploads\/2024\/05\/Indepndencia1-36x28.jpg 36w, https:\/\/faec.org.br\/sistema\/wp-content\/uploads\/2024\/05\/Indepndencia1-48x37.jpg 48w\" sizes=\"auto, (max-width: 827px) 100vw, 827px\" \/><\/p>\n<p>O presidente do Sindicato Rural de Independ\u00eancia, Moacir Gomes de Sousa, se reuniu, na ter\u00e7a-feira (8), com o pesquisador Francisco Selmo Fernandes Alves, da Embrapa Caprinos e Ovinos, para tratar de a\u00e7\u00f5es de coopera\u00e7\u00e3o t\u00e9cnica entre o Sistema Faec\/Senar e a Embrapa voltadas \u00e0 pesquisa no segmento da ovinocaprinocultura.<\/p>\n<p>Tamb\u00e9m participaram da reuni\u00e3o os representantes t\u00e9cnicos Clebio Moreira, Washington Luiz e Emiliano Nunes, representantes da ATeG da ovinocaprinocultura do munic\u00edpio. A ideia \u00e9 estimular a colabora\u00e7\u00e3o dos t\u00e9cnicos locais, que realizar\u00e3o visitas \u00e0s propriedades atendidas pela ATeG juntamente com os pesquisadores da Embrapa.<\/p>\n<p>Durante o encontro, tamb\u00e9m foi discutida a poss\u00edvel participa\u00e7\u00e3o da Embrapa na Primeira Feira Agropecu\u00e1ria do Sindicato Rural de Independ\u00eancia, agendada para julho de 2024. Com coopera\u00e7\u00e3o t\u00e9cnica e troca de conhecimentos, espera-se impulsionar ainda mais a produtividade e a qualidade dos produtos agropecu\u00e1rios da regi\u00e3o de Independ\u00eancia.<\/p>\n","protected":false},"excerpt":{"rendered":"<p>O presidente do Sindicato Rural de Independ\u00eancia, Moacir Gomes de Sousa, se reuniu, na ter\u00e7a-feira (8), com o pesquisador Francisco Selmo Fernandes Alves, da Embrapa Caprinos e Ovinos, para tratar de a\u00e7\u00f5es de coopera\u00e7\u00e3o t\u00e9cnica entre o Sistema Faec\/Senar e a Embrapa voltadas \u00e0 pesquisa no segmento da ovinocaprinocultura. Tamb\u00e9m participaram da reuni\u00e3o os representantes [&hellip;]<\/p>\n","protected":false},"author":1,"featured_media":17286,"comment_status":"open","ping_status":"open","sticky":false,"template":"","format":"standard","meta":{"footnotes":"","_links_to":"","_links_to_target":""},"categories":[5],"tags":[],"class_list":{"0":"post-17285","1":"post","2":"type-post","3":"status-publish","4":"format-standard","5":"has-post-thumbnail","7":"category-noticias","8":"czr-hentry"},"aioseo_notices":[],"_links":{"self":[{"href":"https:\/\/faec.org.br\/sistema\/wp-json\/wp\/v2\/posts\/17285","targetHints":{"allow":["GET"]}}],"collection":[{"href":"https:\/\/faec.org.br\/sistema\/wp-json\/wp\/v2\/posts"}],"about":[{"href":"https:\/\/faec.org.br\/sistema\/wp-json\/wp\/v2\/types\/post"}],"author":[{"embeddable":true,"href":"https:\/\/faec.org.br\/sistema\/wp-json\/wp\/v2\/users\/1"}],"replies":[{"embeddable":true,"href":"https:\/\/faec.org.br\/sistema\/wp-json\/wp\/v2\/comments?post=17285"}],"version-history":[{"count":1,"href":"https:\/\/faec.org.br\/sistema\/wp-json\/wp\/v2\/posts\/17285\/revisions"}],"predecessor-version":[{"id":17287,"href":"https:\/\/faec.org.br\/sistema\/wp-json\/wp\/v2\/posts\/17285\/revisions\/17287"}],"wp:featuredmedia":[{"embeddable":true,"href":"https:\/\/faec.org.br\/sistema\/wp-json\/wp\/v2\/media\/17286"}],"wp:attachment":[{"href":"https:\/\/faec.org.br\/sistema\/wp-json\/wp\/v2\/media?parent=17285"}],"wp:term":[{"taxonomy":"category","embeddable":true,"href":"https:\/\/faec.org.br\/sistema\/wp-json\/wp\/v2\/categories?post=17285"},{"taxonomy":"post_tag","embeddable":true,"href":"https:\/\/faec.org.br\/sistema\/wp-json\/wp\/v2\/tags?post=17285"}],"curies":[{"name":"wp","href":"https:\/\/api.w.org\/{rel}","templated":true}]}}