{"id":17225,"date":"2024-04-18T14:10:42","date_gmt":"2024-04-18T17:10:42","guid":{"rendered":"https:\/\/faec.org.br\/sistema\/?p=17225"},"modified":"2024-04-18T14:10:42","modified_gmt":"2024-04-18T17:10:42","slug":"queijaria-dona-vita-recebe-primeiro-selo-arte-do-ceara","status":"publish","type":"post","link":"https:\/\/faec.org.br\/sistema\/queijaria-dona-vita-recebe-primeiro-selo-arte-do-ceara\/","title":{"rendered":"Queijaria Dona Vita recebe primeiro Selo Arte do Cear\u00e1"},"content":{"rendered":"<p><img loading=\"lazy\" decoding=\"async\" class=\"aligncenter size-full wp-image-17226\" src=\"http:\/\/faec.org.br\/sistema\/wp-content\/uploads\/2024\/04\/seloarteA.jpg\" alt=\"\" width=\"959\" height=\"624\" srcset=\"https:\/\/faec.org.br\/sistema\/wp-content\/uploads\/2024\/04\/seloarteA.jpg 959w, https:\/\/faec.org.br\/sistema\/wp-content\/uploads\/2024\/04\/seloarteA-300x195.jpg 300w, https:\/\/faec.org.br\/sistema\/wp-content\/uploads\/2024\/04\/seloarteA-768x500.jpg 768w, https:\/\/faec.org.br\/sistema\/wp-content\/uploads\/2024\/04\/seloarteA-24x16.jpg 24w, https:\/\/faec.org.br\/sistema\/wp-content\/uploads\/2024\/04\/seloarteA-36x23.jpg 36w, https:\/\/faec.org.br\/sistema\/wp-content\/uploads\/2024\/04\/seloarteA-48x31.jpg 48w\" sizes=\"auto, (max-width: 959px) 100vw, 959px\" \/><\/p>\n<p>A queijaria Dona Vita recebeu, na manh\u00e3 desta quinta-feira, 18 de abril, o primeiro Selo Arte do Cear\u00e1. Emitido pelo Minist\u00e9rio da Agricultura e Pecu\u00e1ria (Mapa), o selo certifica produtos aliment\u00edcios de origem animal elaborados artesanalmente, preservando receitas e m\u00e9todos tradicionais que refletem caracter\u00edsticas regionais, culturais e tradicionais. A cerim\u00f4nia foi realizada na sede da Federa\u00e7\u00e3o da Agricultura e Pecu\u00e1ria do Estado do Cear\u00e1 (Faec).<\/p>\n<p>Para o presidente da Faec, Am\u00edlcar Silveira, a certifica\u00e7\u00e3o do Mapa \u00e9 um marco para todos os que produzem alimentos de forma artesanal no Estado. \u201cPrecisamos ajudar o produtor rural do Cear\u00e1, qualificando e contribuindo para o desenvolvimento de suas atividades. Por isso, agrade\u00e7o ao Minist\u00e9rio da Agricultura. Al\u00e9m disso, o selo abre possibilita que o pequeno produtor possa explorar novos mercados\u201d, destacou o presidente da Faec, Am\u00edlcar Silveira.<\/p>\n<p>Para Marcelo Oliveira Guimar\u00e3es, propriet\u00e1rio da Dona Vita, o selo \u00e9 fundamental para ampliar os mercados da queijaria de Limoeiro do Norte. \u201cFazer queijo artesanal maturado \u00e9 uma arte. E \u00e9 uma honra ser a primeira queijaria do Cear\u00e1 a obter esse selo\u201d, disse. \u201cCom essa diferencia\u00e7\u00e3o, a gente vai tentar entrar em outros mercados no Brasil\u201d.<\/p>\n<p>Augusto J\u00fanior, superintendente do Mapa no Cear\u00e1, ressaltou a import\u00e2ncia do selo para incentivar os produtores locais. \u201cOs queijos de autoria do Marcelo servem de exemplo para outros produtores. Mostra que devemos ousar e buscar novos mercados\u201d.<\/p>\n<p><img loading=\"lazy\" decoding=\"async\" class=\"aligncenter size-full wp-image-17227\" src=\"http:\/\/faec.org.br\/sistema\/wp-content\/uploads\/2024\/04\/seloarte3.jpg\" alt=\"\" width=\"1166\" height=\"926\" srcset=\"https:\/\/faec.org.br\/sistema\/wp-content\/uploads\/2024\/04\/seloarte3.jpg 1166w, https:\/\/faec.org.br\/sistema\/wp-content\/uploads\/2024\/04\/seloarte3-300x238.jpg 300w, https:\/\/faec.org.br\/sistema\/wp-content\/uploads\/2024\/04\/seloarte3-768x610.jpg 768w, https:\/\/faec.org.br\/sistema\/wp-content\/uploads\/2024\/04\/seloarte3-24x19.jpg 24w, https:\/\/faec.org.br\/sistema\/wp-content\/uploads\/2024\/04\/seloarte3-36x29.jpg 36w, https:\/\/faec.org.br\/sistema\/wp-content\/uploads\/2024\/04\/seloarte3-48x38.jpg 48w\" sizes=\"auto, (max-width: 1166px) 100vw, 1166px\" \/><\/p>\n<p>A cerim\u00f4nia contou com as presen\u00e7as de Odilon Aguiar, ex-superintendente do Mapa no Cear\u00e1, que participou do processo de qualifica\u00e7\u00e3o da Dona Vita; do presidente da Ag\u00eancia de Defesa Agropecu\u00e1ria do Estado do Cear\u00e1 (Adagri), Elmo Aguiar; o diretor t\u00e9cnico da Empresa de Assist\u00eancia T\u00e9cnica e Extens\u00e3o Rural do Cear\u00e1 (Ematerce), Itamar Lemos, diretor t\u00e9cnico da Ematerce; e o presidente do Sindlatic\u00ednios, Jos\u00e9 Antunes.<\/p>\n","protected":false},"excerpt":{"rendered":"<p>A queijaria Dona Vita recebeu, na manh\u00e3 desta quinta-feira, 18 de abril, o primeiro Selo Arte do Cear\u00e1. Emitido pelo Minist\u00e9rio da Agricultura e Pecu\u00e1ria (Mapa), o selo certifica produtos aliment\u00edcios de origem animal elaborados artesanalmente, preservando receitas e m\u00e9todos tradicionais que refletem caracter\u00edsticas regionais, culturais e tradicionais. A cerim\u00f4nia foi realizada na sede da [&hellip;]<\/p>\n","protected":false},"author":1,"featured_media":17226,"comment_status":"open","ping_status":"open","sticky":false,"template":"","format":"standard","meta":{"footnotes":"","_links_to":"","_links_to_target":""},"categories":[5],"tags":[],"class_list":{"0":"post-17225","1":"post","2":"type-post","3":"status-publish","4":"format-standard","5":"has-post-thumbnail","7":"category-noticias","8":"czr-hentry"},"aioseo_notices":[],"_links":{"self":[{"href":"https:\/\/faec.org.br\/sistema\/wp-json\/wp\/v2\/posts\/17225","targetHints":{"allow":["GET"]}}],"collection":[{"href":"https:\/\/faec.org.br\/sistema\/wp-json\/wp\/v2\/posts"}],"about":[{"href":"https:\/\/faec.org.br\/sistema\/wp-json\/wp\/v2\/types\/post"}],"author":[{"embeddable":true,"href":"https:\/\/faec.org.br\/sistema\/wp-json\/wp\/v2\/users\/1"}],"replies":[{"embeddable":true,"href":"https:\/\/faec.org.br\/sistema\/wp-json\/wp\/v2\/comments?post=17225"}],"version-history":[{"count":1,"href":"https:\/\/faec.org.br\/sistema\/wp-json\/wp\/v2\/posts\/17225\/revisions"}],"predecessor-version":[{"id":17228,"href":"https:\/\/faec.org.br\/sistema\/wp-json\/wp\/v2\/posts\/17225\/revisions\/17228"}],"wp:featuredmedia":[{"embeddable":true,"href":"https:\/\/faec.org.br\/sistema\/wp-json\/wp\/v2\/media\/17226"}],"wp:attachment":[{"href":"https:\/\/faec.org.br\/sistema\/wp-json\/wp\/v2\/media?parent=17225"}],"wp:term":[{"taxonomy":"category","embeddable":true,"href":"https:\/\/faec.org.br\/sistema\/wp-json\/wp\/v2\/categories?post=17225"},{"taxonomy":"post_tag","embeddable":true,"href":"https:\/\/faec.org.br\/sistema\/wp-json\/wp\/v2\/tags?post=17225"}],"curies":[{"name":"wp","href":"https:\/\/api.w.org\/{rel}","templated":true}]}}