{"id":17181,"date":"2024-03-26T10:20:31","date_gmt":"2024-03-26T13:20:31","guid":{"rendered":"https:\/\/faec.org.br\/sistema\/?p=17181"},"modified":"2024-03-26T10:20:31","modified_gmt":"2024-03-26T13:20:31","slug":"eproce-discute-producao-de-leite-febre-aftosa-e-distribuicao-de-energia-eletrica-no-campo","status":"publish","type":"post","link":"https:\/\/faec.org.br\/sistema\/eproce-discute-producao-de-leite-febre-aftosa-e-distribuicao-de-energia-eletrica-no-campo\/","title":{"rendered":"Eproce discute produ\u00e7\u00e3o de leite, febre aftosa e distribui\u00e7\u00e3o de energia el\u00e9trica no campo"},"content":{"rendered":"<p><img loading=\"lazy\" decoding=\"async\" class=\"aligncenter size-full wp-image-17182\" src=\"http:\/\/faec.org.br\/sistema\/wp-content\/uploads\/2024\/03\/eproce1.jpg\" alt=\"\" width=\"825\" height=\"554\" srcset=\"https:\/\/faec.org.br\/sistema\/wp-content\/uploads\/2024\/03\/eproce1.jpg 825w, https:\/\/faec.org.br\/sistema\/wp-content\/uploads\/2024\/03\/eproce1-300x201.jpg 300w, https:\/\/faec.org.br\/sistema\/wp-content\/uploads\/2024\/03\/eproce1-768x516.jpg 768w, https:\/\/faec.org.br\/sistema\/wp-content\/uploads\/2024\/03\/eproce1-24x16.jpg 24w, https:\/\/faec.org.br\/sistema\/wp-content\/uploads\/2024\/03\/eproce1-36x24.jpg 36w, https:\/\/faec.org.br\/sistema\/wp-content\/uploads\/2024\/03\/eproce1-48x32.jpg 48w\" sizes=\"auto, (max-width: 825px) 100vw, 825px\" \/><\/p>\n<p>A Federa\u00e7\u00e3o da Agricultura e Pecu\u00e1ria do Estado do Cear\u00e1 (Faec) realizou, na \u00faltima sexta-feira (22), a reuni\u00e3o mensal do Eproce, Encontro de Produtores Rurais do Cear\u00e1. Durante o evento, foram abordados temas como o fomento \u00e0 produ\u00e7\u00e3o de leite, quest\u00f5es jur\u00eddicas envolvendo a Enel, e o cen\u00e1rio sobre a febre aftosa no Cear\u00e1.<\/p>\n<p>O presidente da Faec, Am\u00edlcar Silveira, apresentou a\u00e7\u00f5es do Sistema Faec\/Senar e destacou a import\u00e2ncia do evento como um f\u00f3rum de discuss\u00e3o das demandas do setor agropecu\u00e1rio cearense, unindo representantes da cadeia produtiva e do setor p\u00fablico.<\/p>\n<p>Na ocasi\u00e3o, o prefeito de Senador Pompeu, Maur\u00edcio Pinheiro, falou sobre o fomento da bacia leiteira no Cear\u00e1, apresentando as a\u00e7\u00f5es da prefeitura voltadas para o est\u00edmulo da produ\u00e7\u00e3o e comercializa\u00e7\u00e3o de leite. J\u00e1 o presidente da Ag\u00eancia de Defesa Agropecu\u00e1ria do Estado do Cear\u00e1 (Adagri), Elmo Aguiar, falou sobre o cen\u00e1rio da febre aftosa no Cear\u00e1.<\/p>\n<p>E o assessor jur\u00eddico da Faec, advogado Raimundo Feitosa, abordou as exig\u00eancias da Enel no recadastramento dos produtores rurais e falou sobre poss\u00edveis a\u00e7\u00f5es contra falhas na oferta de energia que acarretam preju\u00edzos aos produtores rurais.<\/p>\n<div style=\"width: 1140px;\" class=\"wp-video\"><video class=\"wp-video-shortcode\" id=\"video-17181-1\" width=\"1140\" height=\"641\" preload=\"metadata\" controls=\"controls\"><source type=\"video\/mp4\" src=\"http:\/\/faec.org.br\/sistema\/wp-content\/uploads\/2024\/03\/Eproce.mp4?_=1\" \/><a href=\"http:\/\/faec.org.br\/sistema\/wp-content\/uploads\/2024\/03\/Eproce.mp4\">http:\/\/faec.org.br\/sistema\/wp-content\/uploads\/2024\/03\/Eproce.mp4<\/a><\/video><\/div>\n","protected":false},"excerpt":{"rendered":"<p>A Federa\u00e7\u00e3o da Agricultura e Pecu\u00e1ria do Estado do Cear\u00e1 (Faec) realizou, na \u00faltima sexta-feira (22), a reuni\u00e3o mensal do Eproce, Encontro de Produtores Rurais do Cear\u00e1. Durante o evento, foram abordados temas como o fomento \u00e0 produ\u00e7\u00e3o de leite, quest\u00f5es jur\u00eddicas envolvendo a Enel, e o cen\u00e1rio sobre a febre aftosa no Cear\u00e1. O [&hellip;]<\/p>\n","protected":false},"author":1,"featured_media":17182,"comment_status":"open","ping_status":"open","sticky":false,"template":"","format":"standard","meta":{"footnotes":"","_links_to":"","_links_to_target":""},"categories":[5],"tags":[],"class_list":{"0":"post-17181","1":"post","2":"type-post","3":"status-publish","4":"format-standard","5":"has-post-thumbnail","7":"category-noticias","8":"czr-hentry"},"aioseo_notices":[],"_links":{"self":[{"href":"https:\/\/faec.org.br\/sistema\/wp-json\/wp\/v2\/posts\/17181","targetHints":{"allow":["GET"]}}],"collection":[{"href":"https:\/\/faec.org.br\/sistema\/wp-json\/wp\/v2\/posts"}],"about":[{"href":"https:\/\/faec.org.br\/sistema\/wp-json\/wp\/v2\/types\/post"}],"author":[{"embeddable":true,"href":"https:\/\/faec.org.br\/sistema\/wp-json\/wp\/v2\/users\/1"}],"replies":[{"embeddable":true,"href":"https:\/\/faec.org.br\/sistema\/wp-json\/wp\/v2\/comments?post=17181"}],"version-history":[{"count":1,"href":"https:\/\/faec.org.br\/sistema\/wp-json\/wp\/v2\/posts\/17181\/revisions"}],"predecessor-version":[{"id":17184,"href":"https:\/\/faec.org.br\/sistema\/wp-json\/wp\/v2\/posts\/17181\/revisions\/17184"}],"wp:featuredmedia":[{"embeddable":true,"href":"https:\/\/faec.org.br\/sistema\/wp-json\/wp\/v2\/media\/17182"}],"wp:attachment":[{"href":"https:\/\/faec.org.br\/sistema\/wp-json\/wp\/v2\/media?parent=17181"}],"wp:term":[{"taxonomy":"category","embeddable":true,"href":"https:\/\/faec.org.br\/sistema\/wp-json\/wp\/v2\/categories?post=17181"},{"taxonomy":"post_tag","embeddable":true,"href":"https:\/\/faec.org.br\/sistema\/wp-json\/wp\/v2\/tags?post=17181"}],"curies":[{"name":"wp","href":"https:\/\/api.w.org\/{rel}","templated":true}]}}