{"id":17148,"date":"2024-02-27T14:16:35","date_gmt":"2024-02-27T17:16:35","guid":{"rendered":"https:\/\/faec.org.br\/sistema\/?p=17148"},"modified":"2024-02-27T14:16:35","modified_gmt":"2024-02-27T17:16:35","slug":"eproce-discute-acoes-do-senar-ceara-e-expectativa-para-chuvas","status":"publish","type":"post","link":"https:\/\/faec.org.br\/sistema\/eproce-discute-acoes-do-senar-ceara-e-expectativa-para-chuvas\/","title":{"rendered":"Eproce discute a\u00e7\u00f5es do Senar Cear\u00e1 e expectativa para chuvas"},"content":{"rendered":"<p><img loading=\"lazy\" decoding=\"async\" class=\"aligncenter size-large wp-image-17149\" src=\"http:\/\/faec.org.br\/sistema\/wp-content\/uploads\/2024\/02\/eproce-1440x1080.jpg\" alt=\"\" width=\"1140\" height=\"855\" srcset=\"https:\/\/faec.org.br\/sistema\/wp-content\/uploads\/2024\/02\/eproce-1440x1080.jpg 1440w, https:\/\/faec.org.br\/sistema\/wp-content\/uploads\/2024\/02\/eproce-300x225.jpg 300w, https:\/\/faec.org.br\/sistema\/wp-content\/uploads\/2024\/02\/eproce-768x576.jpg 768w, https:\/\/faec.org.br\/sistema\/wp-content\/uploads\/2024\/02\/eproce-1536x1152.jpg 1536w, https:\/\/faec.org.br\/sistema\/wp-content\/uploads\/2024\/02\/eproce-24x18.jpg 24w, https:\/\/faec.org.br\/sistema\/wp-content\/uploads\/2024\/02\/eproce-36x27.jpg 36w, https:\/\/faec.org.br\/sistema\/wp-content\/uploads\/2024\/02\/eproce-48x36.jpg 48w, https:\/\/faec.org.br\/sistema\/wp-content\/uploads\/2024\/02\/eproce.jpg 1600w\" sizes=\"auto, (max-width: 1140px) 100vw, 1140px\" \/><\/p>\n<p>Durante Encontro de Produtores Rurais (Eproce), realizado na \u00faltima sexta-feira (23), na sede da Federa\u00e7\u00e3o da Agricultura e Pecu\u00e1ria do Estado do Cear\u00e1 (Faec), o presidente da entidade, Am\u00edlcar Silveira, apresentou as a\u00e7\u00f5es do Sistema Faec\/Senar em 2023, destacando que o Senar Cear\u00e1 registrou o melhor desempenho no Brasil em n\u00famero de treinamentos e capacita\u00e7\u00f5es.<\/p>\n<p>No ano passado, foram atendidas 28 mil pessoas em cursos profissionais. A Assist\u00eancia T\u00e9cnica e Gerencial (ATeG) atendeu mais de 6 mil produtores. &#8220;Estamos falando de um crescimento de 40% com o mesmo or\u00e7amento&#8221;, disse Am\u00edlcar Silveira, ao acrescentar que, para 2024, a meta \u00e9 aumentar os atendimentos em 60%.<\/p>\n<p>O Eproce contou com a participa\u00e7\u00e3o do pesquisador da Funda\u00e7\u00e3o Cearense de Meteorologia e Recursos H\u00eddricos (Funceme), Francisco das Chagas Vasconcelos, que falou sobre a expectativa para a quadra invernosa e do secret\u00e1rio executivo do Agroneg\u00f3cio, Silvio Carlos Ribeiro, que falou das a\u00e7\u00f5es do Governo do Estado para atenuar poss\u00edveis efeitos da estiagem.<\/p>\n","protected":false},"excerpt":{"rendered":"<p>Durante Encontro de Produtores Rurais (Eproce), realizado na \u00faltima sexta-feira (23), na sede da Federa\u00e7\u00e3o da Agricultura e Pecu\u00e1ria do Estado do Cear\u00e1 (Faec), o presidente da entidade, Am\u00edlcar Silveira, apresentou as a\u00e7\u00f5es do Sistema Faec\/Senar em 2023, destacando que o Senar Cear\u00e1 registrou o melhor desempenho no Brasil em n\u00famero de treinamentos e capacita\u00e7\u00f5es. [&hellip;]<\/p>\n","protected":false},"author":1,"featured_media":17149,"comment_status":"open","ping_status":"open","sticky":false,"template":"","format":"standard","meta":{"footnotes":"","_links_to":"","_links_to_target":""},"categories":[5],"tags":[],"class_list":{"0":"post-17148","1":"post","2":"type-post","3":"status-publish","4":"format-standard","5":"has-post-thumbnail","7":"category-noticias","8":"czr-hentry"},"aioseo_notices":[],"_links":{"self":[{"href":"https:\/\/faec.org.br\/sistema\/wp-json\/wp\/v2\/posts\/17148","targetHints":{"allow":["GET"]}}],"collection":[{"href":"https:\/\/faec.org.br\/sistema\/wp-json\/wp\/v2\/posts"}],"about":[{"href":"https:\/\/faec.org.br\/sistema\/wp-json\/wp\/v2\/types\/post"}],"author":[{"embeddable":true,"href":"https:\/\/faec.org.br\/sistema\/wp-json\/wp\/v2\/users\/1"}],"replies":[{"embeddable":true,"href":"https:\/\/faec.org.br\/sistema\/wp-json\/wp\/v2\/comments?post=17148"}],"version-history":[{"count":1,"href":"https:\/\/faec.org.br\/sistema\/wp-json\/wp\/v2\/posts\/17148\/revisions"}],"predecessor-version":[{"id":17150,"href":"https:\/\/faec.org.br\/sistema\/wp-json\/wp\/v2\/posts\/17148\/revisions\/17150"}],"wp:featuredmedia":[{"embeddable":true,"href":"https:\/\/faec.org.br\/sistema\/wp-json\/wp\/v2\/media\/17149"}],"wp:attachment":[{"href":"https:\/\/faec.org.br\/sistema\/wp-json\/wp\/v2\/media?parent=17148"}],"wp:term":[{"taxonomy":"category","embeddable":true,"href":"https:\/\/faec.org.br\/sistema\/wp-json\/wp\/v2\/categories?post=17148"},{"taxonomy":"post_tag","embeddable":true,"href":"https:\/\/faec.org.br\/sistema\/wp-json\/wp\/v2\/tags?post=17148"}],"curies":[{"name":"wp","href":"https:\/\/api.w.org\/{rel}","templated":true}]}}