{"id":17145,"date":"2024-02-26T10:51:07","date_gmt":"2024-02-26T13:51:07","guid":{"rendered":"https:\/\/faec.org.br\/sistema\/?p=17145"},"modified":"2024-02-26T10:51:07","modified_gmt":"2024-02-26T13:51:07","slug":"faec-apoia-programa-de-revitalizacao-da-cotonicultura-em-quixada","status":"publish","type":"post","link":"https:\/\/faec.org.br\/sistema\/faec-apoia-programa-de-revitalizacao-da-cotonicultura-em-quixada\/","title":{"rendered":"Faec apoia programa de revitaliza\u00e7\u00e3o da cotonicultura em Quixad\u00e1"},"content":{"rendered":"<p><img loading=\"lazy\" decoding=\"async\" class=\"aligncenter size-large wp-image-17146\" src=\"http:\/\/faec.org.br\/sistema\/wp-content\/uploads\/2024\/02\/algodao-1620x1080.jpg\" alt=\"\" width=\"1140\" height=\"760\" srcset=\"https:\/\/faec.org.br\/sistema\/wp-content\/uploads\/2024\/02\/algodao-1620x1080.jpg 1620w, https:\/\/faec.org.br\/sistema\/wp-content\/uploads\/2024\/02\/algodao-300x200.jpg 300w, https:\/\/faec.org.br\/sistema\/wp-content\/uploads\/2024\/02\/algodao-768x512.jpg 768w, https:\/\/faec.org.br\/sistema\/wp-content\/uploads\/2024\/02\/algodao-1536x1024.jpg 1536w, https:\/\/faec.org.br\/sistema\/wp-content\/uploads\/2024\/02\/algodao-24x16.jpg 24w, https:\/\/faec.org.br\/sistema\/wp-content\/uploads\/2024\/02\/algodao-36x24.jpg 36w, https:\/\/faec.org.br\/sistema\/wp-content\/uploads\/2024\/02\/algodao-48x32.jpg 48w, https:\/\/faec.org.br\/sistema\/wp-content\/uploads\/2024\/02\/algodao.jpg 2047w\" sizes=\"auto, (max-width: 1140px) 100vw, 1140px\" \/><\/p>\n<p>Com apoio da Federa\u00e7\u00e3o da Agricultura e Pecu\u00e1ria do Estado do Cear\u00e1 (Faec), o munic\u00edpio de Quixad\u00e1 iniciou um programa para revitalizar a cotonicultura e resgatar a cultura algodoeira na regi\u00e3o. A iniciativa \u00e9 da Secretaria de Desenvolvimento Rural e Agricultura Familiar de Quixad\u00e1.<\/p>\n<p>Na quarta-feira (21), 40 produtores rurais do munic\u00edpio receberam sementes de algod\u00e3o. E, para 2025, a expectativa \u00e9 de que mais de 100 agricultores recebam o insumo.<\/p>\n<p>O presidente do Sindicato Rural de Quixad\u00e1 e secret\u00e1rio de Desenvolvimento Rural e Agricultura Familiar do munic\u00edpio, Fausto Moreno, informou que os 40 agricultores cadastrados no programa receber\u00e3o apoio do munic\u00edpio durante o ciclo produtivo. &#8220;No pr\u00f3ximo ano, a Prefeitura de Quixad\u00e1 ir\u00e1 distribuir sementes para pelo menos 100 agricultores. Estamos \u00e0 disposi\u00e7\u00e3o para fazer o cadastro para o pr\u00f3ximo ano, j\u00e1 que neste, estamos atendendo a 40 agricultores que j\u00e1 est\u00e3o cadastrados&#8221;, disse.<\/p>\n<p>Al\u00e9m da Faec, o programa de revitaliza\u00e7\u00e3o da cotonicultura em Quixad\u00e1 conta com o apoio da Ematerce, da Associa\u00e7\u00e3o Brasileira dos Produtores de Algod\u00e3o (Abrapa), do Sebrae, e do Governo do Estado.<\/p>\n","protected":false},"excerpt":{"rendered":"<p>Com apoio da Federa\u00e7\u00e3o da Agricultura e Pecu\u00e1ria do Estado do Cear\u00e1 (Faec), o munic\u00edpio de Quixad\u00e1 iniciou um programa para revitalizar a cotonicultura e resgatar a cultura algodoeira na regi\u00e3o. A iniciativa \u00e9 da Secretaria de Desenvolvimento Rural e Agricultura Familiar de Quixad\u00e1. Na quarta-feira (21), 40 produtores rurais do munic\u00edpio receberam sementes de [&hellip;]<\/p>\n","protected":false},"author":1,"featured_media":17146,"comment_status":"open","ping_status":"open","sticky":false,"template":"","format":"standard","meta":{"footnotes":"","_links_to":"","_links_to_target":""},"categories":[5],"tags":[],"class_list":{"0":"post-17145","1":"post","2":"type-post","3":"status-publish","4":"format-standard","5":"has-post-thumbnail","7":"category-noticias","8":"czr-hentry"},"aioseo_notices":[],"_links":{"self":[{"href":"https:\/\/faec.org.br\/sistema\/wp-json\/wp\/v2\/posts\/17145","targetHints":{"allow":["GET"]}}],"collection":[{"href":"https:\/\/faec.org.br\/sistema\/wp-json\/wp\/v2\/posts"}],"about":[{"href":"https:\/\/faec.org.br\/sistema\/wp-json\/wp\/v2\/types\/post"}],"author":[{"embeddable":true,"href":"https:\/\/faec.org.br\/sistema\/wp-json\/wp\/v2\/users\/1"}],"replies":[{"embeddable":true,"href":"https:\/\/faec.org.br\/sistema\/wp-json\/wp\/v2\/comments?post=17145"}],"version-history":[{"count":1,"href":"https:\/\/faec.org.br\/sistema\/wp-json\/wp\/v2\/posts\/17145\/revisions"}],"predecessor-version":[{"id":17147,"href":"https:\/\/faec.org.br\/sistema\/wp-json\/wp\/v2\/posts\/17145\/revisions\/17147"}],"wp:featuredmedia":[{"embeddable":true,"href":"https:\/\/faec.org.br\/sistema\/wp-json\/wp\/v2\/media\/17146"}],"wp:attachment":[{"href":"https:\/\/faec.org.br\/sistema\/wp-json\/wp\/v2\/media?parent=17145"}],"wp:term":[{"taxonomy":"category","embeddable":true,"href":"https:\/\/faec.org.br\/sistema\/wp-json\/wp\/v2\/categories?post=17145"},{"taxonomy":"post_tag","embeddable":true,"href":"https:\/\/faec.org.br\/sistema\/wp-json\/wp\/v2\/tags?post=17145"}],"curies":[{"name":"wp","href":"https:\/\/api.w.org\/{rel}","templated":true}]}}