{"id":17142,"date":"2024-02-22T09:48:42","date_gmt":"2024-02-22T12:48:42","guid":{"rendered":"https:\/\/faec.org.br\/sistema\/?p=17142"},"modified":"2024-02-22T09:48:42","modified_gmt":"2024-02-22T12:48:42","slug":"cna-lanca-plataforma-de-denuncia-anonima-contra-invasao-de-terras","status":"publish","type":"post","link":"https:\/\/faec.org.br\/sistema\/cna-lanca-plataforma-de-denuncia-anonima-contra-invasao-de-terras\/","title":{"rendered":"CNA lan\u00e7a plataforma de den\u00fancia an\u00f4nima contra invas\u00e3o de terras"},"content":{"rendered":"<p>A Confedera\u00e7\u00e3o da Agricultura e Pecu\u00e1ria do Brasil (CNA) lan\u00e7ou, na quarta-feira (21), um canal de den\u00fancia an\u00f4nima para os produtores rurais informarem casos de invas\u00f5es de propriedade.<\/p>\n<p>O objetivo da plataforma \u00e9 estabelecer um canal direto com o produtor e qualificar o monitoramento de invas\u00f5es de terras que j\u00e1 \u00e9 feito pela CNA, federa\u00e7\u00f5es e sindicatos rurais. As informa\u00e7\u00f5es exigidas s\u00e3o: nome da fazenda invadida, munic\u00edpio e estado, qual movimento ou grupo que invadiu e a data do ocorrido.<\/p>\n<p>\u201cN\u00e3o existe invas\u00e3o leg\u00edtima, legalizada ou permitida. Invas\u00e3o de terra \u00e9 crime. Portanto, a CNA defende a garantia do direito de propriedade, pois \u00e9 a base para o produtor rural brasileiro trabalhar com tranquilidade e seguran\u00e7a jur\u00eddica\u201d, diz o presidente da Comiss\u00e3o Nacional de Assuntos Fundi\u00e1rios, Marcelo Bertoni<\/p>\n<p>Para fazer uma den\u00fancia an\u00f4nima de invas\u00e3o de propriedade rural, basta clicar no link <a href=\"http:\/\/cnabrasil.org.br\/invasaodeterras\">http:\/\/cnabrasil.org.br\/invasaodeterras<\/a> e preencher as informa\u00e7\u00f5es sobre o im\u00f3vel invadido.<\/p>\n","protected":false},"excerpt":{"rendered":"<p>A Confedera\u00e7\u00e3o da Agricultura e Pecu\u00e1ria do Brasil (CNA) lan\u00e7ou, na quarta-feira (21), um canal de den\u00fancia an\u00f4nima para os produtores rurais informarem casos de invas\u00f5es de propriedade. O objetivo da plataforma \u00e9 estabelecer um canal direto com o produtor e qualificar o monitoramento de invas\u00f5es de terras que j\u00e1 \u00e9 feito pela CNA, federa\u00e7\u00f5es [&hellip;]<\/p>\n","protected":false},"author":1,"featured_media":16209,"comment_status":"open","ping_status":"open","sticky":false,"template":"","format":"standard","meta":{"footnotes":"","_links_to":"","_links_to_target":""},"categories":[5],"tags":[],"class_list":{"0":"post-17142","1":"post","2":"type-post","3":"status-publish","4":"format-standard","5":"has-post-thumbnail","7":"category-noticias","8":"czr-hentry"},"aioseo_notices":[],"_links":{"self":[{"href":"https:\/\/faec.org.br\/sistema\/wp-json\/wp\/v2\/posts\/17142","targetHints":{"allow":["GET"]}}],"collection":[{"href":"https:\/\/faec.org.br\/sistema\/wp-json\/wp\/v2\/posts"}],"about":[{"href":"https:\/\/faec.org.br\/sistema\/wp-json\/wp\/v2\/types\/post"}],"author":[{"embeddable":true,"href":"https:\/\/faec.org.br\/sistema\/wp-json\/wp\/v2\/users\/1"}],"replies":[{"embeddable":true,"href":"https:\/\/faec.org.br\/sistema\/wp-json\/wp\/v2\/comments?post=17142"}],"version-history":[{"count":1,"href":"https:\/\/faec.org.br\/sistema\/wp-json\/wp\/v2\/posts\/17142\/revisions"}],"predecessor-version":[{"id":17143,"href":"https:\/\/faec.org.br\/sistema\/wp-json\/wp\/v2\/posts\/17142\/revisions\/17143"}],"wp:featuredmedia":[{"embeddable":true,"href":"https:\/\/faec.org.br\/sistema\/wp-json\/wp\/v2\/media\/16209"}],"wp:attachment":[{"href":"https:\/\/faec.org.br\/sistema\/wp-json\/wp\/v2\/media?parent=17142"}],"wp:term":[{"taxonomy":"category","embeddable":true,"href":"https:\/\/faec.org.br\/sistema\/wp-json\/wp\/v2\/categories?post=17142"},{"taxonomy":"post_tag","embeddable":true,"href":"https:\/\/faec.org.br\/sistema\/wp-json\/wp\/v2\/tags?post=17142"}],"curies":[{"name":"wp","href":"https:\/\/api.w.org\/{rel}","templated":true}]}}