{"id":17082,"date":"2024-01-18T15:35:43","date_gmt":"2024-01-18T18:35:43","guid":{"rendered":"https:\/\/faec.org.br\/sistema\/?p=17082"},"modified":"2024-01-19T09:40:54","modified_gmt":"2024-01-19T12:40:54","slug":"faec-promove-encontro-com-o-judiciario-cearense","status":"publish","type":"post","link":"https:\/\/faec.org.br\/sistema\/faec-promove-encontro-com-o-judiciario-cearense\/","title":{"rendered":"Faec promove encontro com o judici\u00e1rio cearense"},"content":{"rendered":"<p><img loading=\"lazy\" decoding=\"async\" class=\"aligncenter size-full wp-image-17083\" src=\"http:\/\/faec.org.br\/sistema\/wp-content\/uploads\/2024\/01\/judiciario.encontro.jpg\" alt=\"\" width=\"1280\" height=\"947\" srcset=\"https:\/\/faec.org.br\/sistema\/wp-content\/uploads\/2024\/01\/judiciario.encontro.jpg 1280w, https:\/\/faec.org.br\/sistema\/wp-content\/uploads\/2024\/01\/judiciario.encontro-300x222.jpg 300w, https:\/\/faec.org.br\/sistema\/wp-content\/uploads\/2024\/01\/judiciario.encontro-768x568.jpg 768w, https:\/\/faec.org.br\/sistema\/wp-content\/uploads\/2024\/01\/judiciario.encontro-24x18.jpg 24w, https:\/\/faec.org.br\/sistema\/wp-content\/uploads\/2024\/01\/judiciario.encontro-36x27.jpg 36w, https:\/\/faec.org.br\/sistema\/wp-content\/uploads\/2024\/01\/judiciario.encontro-48x36.jpg 48w\" sizes=\"auto, (max-width: 1280px) 100vw, 1280px\" \/><\/p>\n<p>A Federa\u00e7\u00e3o da Agricultura e Pecu\u00e1ria do Estado do Cear\u00e1 (Faec) promoveu, nesta quinta-feira (18), o 1\u00b0 Encontro do Setor Agropecu\u00e1rio com o Judici\u00e1rio Cearense. Al\u00e9m de apresentar os n\u00fameros do setor e a atua\u00e7\u00e3o do Sistema Faec\/Senar no Estado, a iniciativa busca promover a aproxima\u00e7\u00e3o entre representantes do agro cearense e membros do Judici\u00e1rio.<\/p>\n<p>O evento, realizado no BS Design, reuniu, durante o almo\u00e7o, representantes do Tribunal de Justi\u00e7a do Estado, do Tribunal Regional do Trabalho e do Tribunal de Contas do Estado. Na ocasi\u00e3o, o presidente da Faec, Am\u00edlcar Silveira destacou a import\u00e2ncia do judici\u00e1rio para o desenvolvimento do setor, sobretudo quanto \u00e0 seguran\u00e7a jur\u00eddica no meio rural.<\/p>\n<p>&#8220;Trabalhar no Cear\u00e1, que \u00e9 o \u00fanico estado brasileiro sem rios perenes, \u00e9 um desafio, mas estamos preparados. O que n\u00f3s queremos \u00e9 trabalhar. \u00c9 isso o que o produtor rural sabe fazer&#8221;, disse Am\u00edlcar Silveira. &#8220;N\u00f3s precisamos cooperar para gerar emprego, porque n\u00e3o h\u00e1 nenhum programa social que seja melhor do que o emprego. Unidos, produtores rurais, executivo, legislativo e judici\u00e1rio, vamos transformar o Cear\u00e1&#8221;.<\/p>\n<p><img loading=\"lazy\" decoding=\"async\" class=\"aligncenter size-full wp-image-17086\" src=\"http:\/\/faec.org.br\/sistema\/wp-content\/uploads\/2024\/01\/encontro.judiciario1.jpg\" alt=\"\" width=\"1280\" height=\"1015\" srcset=\"https:\/\/faec.org.br\/sistema\/wp-content\/uploads\/2024\/01\/encontro.judiciario1.jpg 1280w, https:\/\/faec.org.br\/sistema\/wp-content\/uploads\/2024\/01\/encontro.judiciario1-300x238.jpg 300w, https:\/\/faec.org.br\/sistema\/wp-content\/uploads\/2024\/01\/encontro.judiciario1-768x609.jpg 768w, https:\/\/faec.org.br\/sistema\/wp-content\/uploads\/2024\/01\/encontro.judiciario1-24x19.jpg 24w, https:\/\/faec.org.br\/sistema\/wp-content\/uploads\/2024\/01\/encontro.judiciario1-36x29.jpg 36w, https:\/\/faec.org.br\/sistema\/wp-content\/uploads\/2024\/01\/encontro.judiciario1-48x38.jpg 48w\" sizes=\"auto, (max-width: 1280px) 100vw, 1280px\" \/><\/p>\n<p>O diretor jur\u00eddico da Confedera\u00e7\u00e3o da Agricultura e Pecu\u00e1ria do Brasil (CNA), Rudy Ferraz, agradeceu Am\u00edlcar Silveira pelo convite para participar do evento e se colocou \u00e0 disposi\u00e7\u00e3o da Faec no que for necess\u00e1rio.<\/p>\n<p>&#8220;O di\u00e1logo do setor agropecu\u00e1rio com as autoridades do setor judici\u00e1rio \u00e9 essencial para n\u00f3s, porque diferentemente de outros setores, o setor agropecu\u00e1rio tem o seu tempo, tem uma janela de plantio&#8221;, disse. &#8220;Muitas vezes, n\u00e3o podemos esperar uma decis\u00e3o limitar porque n\u00f3s perdemos a safra. E essas peculiaridades podem ser resolvidas por meio do di\u00e1logo&#8221;. Ferraz destacou ainda que, como o agro depende de fatores clim\u00e1ticos, a previsibilidade quanto \u00e0 seguran\u00e7a jur\u00eddica \u00e9 fundamental para garantir investimentos.<\/p>\n","protected":false},"excerpt":{"rendered":"<p>A Federa\u00e7\u00e3o da Agricultura e Pecu\u00e1ria do Estado do Cear\u00e1 (Faec) promoveu, nesta quinta-feira (18), o 1\u00b0 Encontro do Setor Agropecu\u00e1rio com o Judici\u00e1rio Cearense. Al\u00e9m de apresentar os n\u00fameros do setor e a atua\u00e7\u00e3o do Sistema Faec\/Senar no Estado, a iniciativa busca promover a aproxima\u00e7\u00e3o entre representantes do agro cearense e membros do Judici\u00e1rio. [&hellip;]<\/p>\n","protected":false},"author":1,"featured_media":17083,"comment_status":"open","ping_status":"open","sticky":false,"template":"","format":"standard","meta":{"footnotes":"","_links_to":"","_links_to_target":""},"categories":[5],"tags":[],"class_list":{"0":"post-17082","1":"post","2":"type-post","3":"status-publish","4":"format-standard","5":"has-post-thumbnail","7":"category-noticias","8":"czr-hentry"},"aioseo_notices":[],"_links":{"self":[{"href":"https:\/\/faec.org.br\/sistema\/wp-json\/wp\/v2\/posts\/17082","targetHints":{"allow":["GET"]}}],"collection":[{"href":"https:\/\/faec.org.br\/sistema\/wp-json\/wp\/v2\/posts"}],"about":[{"href":"https:\/\/faec.org.br\/sistema\/wp-json\/wp\/v2\/types\/post"}],"author":[{"embeddable":true,"href":"https:\/\/faec.org.br\/sistema\/wp-json\/wp\/v2\/users\/1"}],"replies":[{"embeddable":true,"href":"https:\/\/faec.org.br\/sistema\/wp-json\/wp\/v2\/comments?post=17082"}],"version-history":[{"count":3,"href":"https:\/\/faec.org.br\/sistema\/wp-json\/wp\/v2\/posts\/17082\/revisions"}],"predecessor-version":[{"id":17088,"href":"https:\/\/faec.org.br\/sistema\/wp-json\/wp\/v2\/posts\/17082\/revisions\/17088"}],"wp:featuredmedia":[{"embeddable":true,"href":"https:\/\/faec.org.br\/sistema\/wp-json\/wp\/v2\/media\/17083"}],"wp:attachment":[{"href":"https:\/\/faec.org.br\/sistema\/wp-json\/wp\/v2\/media?parent=17082"}],"wp:term":[{"taxonomy":"category","embeddable":true,"href":"https:\/\/faec.org.br\/sistema\/wp-json\/wp\/v2\/categories?post=17082"},{"taxonomy":"post_tag","embeddable":true,"href":"https:\/\/faec.org.br\/sistema\/wp-json\/wp\/v2\/tags?post=17082"}],"curies":[{"name":"wp","href":"https:\/\/api.w.org\/{rel}","templated":true}]}}