{"id":16942,"date":"2023-10-09T15:32:43","date_gmt":"2023-10-09T18:32:43","guid":{"rendered":"https:\/\/faec.org.br\/sistema\/?p=16942"},"modified":"2023-10-09T15:32:43","modified_gmt":"2023-10-09T18:32:43","slug":"rodada-de-negocios-da-bovinocultura-leiteira-reune-grande-publico-em-milha-a-terra-do-leite","status":"publish","type":"post","link":"https:\/\/faec.org.br\/sistema\/rodada-de-negocios-da-bovinocultura-leiteira-reune-grande-publico-em-milha-a-terra-do-leite\/","title":{"rendered":"Rodada de neg\u00f3cios da bovinocultura leiteira re\u00fane grande p\u00fablico em Milh\u00e3, a Terra do Leite"},"content":{"rendered":"<p><img loading=\"lazy\" decoding=\"async\" class=\"aligncenter size-large wp-image-16943\" src=\"http:\/\/faec.org.br\/sistema\/wp-content\/uploads\/2023\/10\/milha3-1229x1080.jpg\" alt=\"\" width=\"1140\" height=\"1002\" srcset=\"https:\/\/faec.org.br\/sistema\/wp-content\/uploads\/2023\/10\/milha3-1229x1080.jpg 1229w, https:\/\/faec.org.br\/sistema\/wp-content\/uploads\/2023\/10\/milha3-300x264.jpg 300w, https:\/\/faec.org.br\/sistema\/wp-content\/uploads\/2023\/10\/milha3-768x675.jpg 768w, https:\/\/faec.org.br\/sistema\/wp-content\/uploads\/2023\/10\/milha3-24x21.jpg 24w, https:\/\/faec.org.br\/sistema\/wp-content\/uploads\/2023\/10\/milha3-36x32.jpg 36w, https:\/\/faec.org.br\/sistema\/wp-content\/uploads\/2023\/10\/milha3-48x42.jpg 48w, https:\/\/faec.org.br\/sistema\/wp-content\/uploads\/2023\/10\/milha3.jpg 1284w\" sizes=\"auto, (max-width: 1140px) 100vw, 1140px\" \/><\/p>\n<p>O munic\u00edpio de Milh\u00e3 recebeu, na manh\u00e3 de s\u00e1bado (7), centenas de pessoas durante a 1\u00aa Rodada de Neg\u00f3cios da Bovinocultura de Leite. O evento foi realizado pelo Sistema Faec\/Senar em parceria com Sebrae e Prefeitura de Milh\u00e3. O presidente da Federa\u00e7\u00e3o da Agricultura e Pecu\u00e1ria do Estado do Cear\u00e1 (Faec), Am\u00edlcar Silveira, destacou a import\u00e2ncia do encontro para fomentar investimentos no setor e para o melhoramento gen\u00e9tico do rebanho leiteiro no Estado.<\/p>\n<p>\u201cO evento foi uma oportunidade para que os participantes tivessem acesso a cr\u00e9dito para comercializar equipamentos e animais. A assist\u00eancia t\u00e9cnica \u00e9 importante, mas precisamos tamb\u00e9m de cr\u00e9dito para melhor atender o produtor rural\u201d, disse Am\u00edlcar Silveira. Al\u00e9m de empresas especializadas em m\u00e1quinas, ra\u00e7\u00e3o e animais, o evento contou com a presen\u00e7a de quatro institui\u00e7\u00f5es financeiras com oferta de linhas de cr\u00e9dito ao produtor rural.<\/p>\n<p>O encontro contou ainda com a apresenta\u00e7\u00e3o do Projeto de Fertiliza\u00e7\u00e3o in Vitro (FIV) do Cear\u00e1, fruto de uma parceria entre Faec e Sebrae. \u201cA nossa ideia \u00e9 adicionar 500 mil litros de leite diariamente no Cear\u00e1, a partir da implanta\u00e7\u00e3o desse projeto em Milh\u00e3\u201d, disse Am\u00edlcar Silveira.<\/p>\n<p><img loading=\"lazy\" decoding=\"async\" class=\"aligncenter size-large wp-image-16945\" src=\"http:\/\/faec.org.br\/sistema\/wp-content\/uploads\/2023\/10\/milha1-1440x1080.jpg\" alt=\"\" width=\"1140\" height=\"855\" srcset=\"https:\/\/faec.org.br\/sistema\/wp-content\/uploads\/2023\/10\/milha1-1440x1080.jpg 1440w, https:\/\/faec.org.br\/sistema\/wp-content\/uploads\/2023\/10\/milha1-300x225.jpg 300w, https:\/\/faec.org.br\/sistema\/wp-content\/uploads\/2023\/10\/milha1-768x576.jpg 768w, https:\/\/faec.org.br\/sistema\/wp-content\/uploads\/2023\/10\/milha1-1536x1152.jpg 1536w, https:\/\/faec.org.br\/sistema\/wp-content\/uploads\/2023\/10\/milha1-24x18.jpg 24w, https:\/\/faec.org.br\/sistema\/wp-content\/uploads\/2023\/10\/milha1-36x27.jpg 36w, https:\/\/faec.org.br\/sistema\/wp-content\/uploads\/2023\/10\/milha1-48x36.jpg 48w, https:\/\/faec.org.br\/sistema\/wp-content\/uploads\/2023\/10\/milha1.jpg 1600w\" sizes=\"auto, (max-width: 1140px) 100vw, 1140px\" \/><\/p>\n<p>A rodada de neg\u00f3cios tem como objetivo possibilitar que produtores conquistem novos clientes, facilitando o interc\u00e2mbio comercial e tecnol\u00f3gico com empresas e redes consumidoras de produtos agropecu\u00e1rios.<\/p>\n","protected":false},"excerpt":{"rendered":"<p>O munic\u00edpio de Milh\u00e3 recebeu, na manh\u00e3 de s\u00e1bado (7), centenas de pessoas durante a 1\u00aa Rodada de Neg\u00f3cios da Bovinocultura de Leite. O evento foi realizado pelo Sistema Faec\/Senar em parceria com Sebrae e Prefeitura de Milh\u00e3. O presidente da Federa\u00e7\u00e3o da Agricultura e Pecu\u00e1ria do Estado do Cear\u00e1 (Faec), Am\u00edlcar Silveira, destacou a [&hellip;]<\/p>\n","protected":false},"author":1,"featured_media":16943,"comment_status":"open","ping_status":"open","sticky":false,"template":"","format":"standard","meta":{"footnotes":"","_links_to":"","_links_to_target":""},"categories":[5],"tags":[],"class_list":{"0":"post-16942","1":"post","2":"type-post","3":"status-publish","4":"format-standard","5":"has-post-thumbnail","7":"category-noticias","8":"czr-hentry"},"aioseo_notices":[],"_links":{"self":[{"href":"https:\/\/faec.org.br\/sistema\/wp-json\/wp\/v2\/posts\/16942","targetHints":{"allow":["GET"]}}],"collection":[{"href":"https:\/\/faec.org.br\/sistema\/wp-json\/wp\/v2\/posts"}],"about":[{"href":"https:\/\/faec.org.br\/sistema\/wp-json\/wp\/v2\/types\/post"}],"author":[{"embeddable":true,"href":"https:\/\/faec.org.br\/sistema\/wp-json\/wp\/v2\/users\/1"}],"replies":[{"embeddable":true,"href":"https:\/\/faec.org.br\/sistema\/wp-json\/wp\/v2\/comments?post=16942"}],"version-history":[{"count":1,"href":"https:\/\/faec.org.br\/sistema\/wp-json\/wp\/v2\/posts\/16942\/revisions"}],"predecessor-version":[{"id":16946,"href":"https:\/\/faec.org.br\/sistema\/wp-json\/wp\/v2\/posts\/16942\/revisions\/16946"}],"wp:featuredmedia":[{"embeddable":true,"href":"https:\/\/faec.org.br\/sistema\/wp-json\/wp\/v2\/media\/16943"}],"wp:attachment":[{"href":"https:\/\/faec.org.br\/sistema\/wp-json\/wp\/v2\/media?parent=16942"}],"wp:term":[{"taxonomy":"category","embeddable":true,"href":"https:\/\/faec.org.br\/sistema\/wp-json\/wp\/v2\/categories?post=16942"},{"taxonomy":"post_tag","embeddable":true,"href":"https:\/\/faec.org.br\/sistema\/wp-json\/wp\/v2\/tags?post=16942"}],"curies":[{"name":"wp","href":"https:\/\/api.w.org\/{rel}","templated":true}]}}