{"id":16869,"date":"2023-08-24T09:39:11","date_gmt":"2023-08-24T12:39:11","guid":{"rendered":"https:\/\/faec.org.br\/sistema\/?p=16869"},"modified":"2023-08-24T09:39:11","modified_gmt":"2023-08-24T12:39:11","slug":"sindicato-rural-de-trairi-elege-nova-diretoria-para-mandato-2023-2026","status":"publish","type":"post","link":"https:\/\/faec.org.br\/sistema\/sindicato-rural-de-trairi-elege-nova-diretoria-para-mandato-2023-2026\/","title":{"rendered":"Sindicato Rural de Trairi elege nova diretoria para mandato 2023\/2026"},"content":{"rendered":"<p><img loading=\"lazy\" decoding=\"async\" class=\"alignnone size-full wp-image-16870\" src=\"http:\/\/faec.org.br\/sistema\/wp-content\/uploads\/2023\/08\/eleicao.trairi1.jpg\" alt=\"\" width=\"1600\" height=\"900\" srcset=\"https:\/\/faec.org.br\/sistema\/wp-content\/uploads\/2023\/08\/eleicao.trairi1.jpg 1600w, https:\/\/faec.org.br\/sistema\/wp-content\/uploads\/2023\/08\/eleicao.trairi1-300x169.jpg 300w, https:\/\/faec.org.br\/sistema\/wp-content\/uploads\/2023\/08\/eleicao.trairi1-768x432.jpg 768w, https:\/\/faec.org.br\/sistema\/wp-content\/uploads\/2023\/08\/eleicao.trairi1-1536x864.jpg 1536w, https:\/\/faec.org.br\/sistema\/wp-content\/uploads\/2023\/08\/eleicao.trairi1-1110x624.jpg 1110w, https:\/\/faec.org.br\/sistema\/wp-content\/uploads\/2023\/08\/eleicao.trairi1-528x297.jpg 528w, https:\/\/faec.org.br\/sistema\/wp-content\/uploads\/2023\/08\/eleicao.trairi1-24x14.jpg 24w, https:\/\/faec.org.br\/sistema\/wp-content\/uploads\/2023\/08\/eleicao.trairi1-36x20.jpg 36w, https:\/\/faec.org.br\/sistema\/wp-content\/uploads\/2023\/08\/eleicao.trairi1-48x27.jpg 48w\" sizes=\"auto, (max-width: 1600px) 100vw, 1600px\" \/>O Sindicato Rural de Trairi elegeu, na \u00faltima ter\u00e7a-feira (22 de agosto), Jo\u00e3o Alves Freire (Jo\u00e3o Merer\u00e9) para a Presid\u00eancia do sindicato para o mandato 2023\/2026. A posse do presidente e dos demais integrantes da chapa que ir\u00e1 compor a nova diretoria ser\u00e1 realizada no dia 21 de setembro.<\/p>\n<p><img loading=\"lazy\" decoding=\"async\" class=\"size-full wp-image-16871 aligncenter\" src=\"http:\/\/faec.org.br\/sistema\/wp-content\/uploads\/2023\/08\/eleicao.trairi2.jpg\" alt=\"\" width=\"1152\" height=\"648\" srcset=\"https:\/\/faec.org.br\/sistema\/wp-content\/uploads\/2023\/08\/eleicao.trairi2.jpg 1152w, https:\/\/faec.org.br\/sistema\/wp-content\/uploads\/2023\/08\/eleicao.trairi2-300x169.jpg 300w, https:\/\/faec.org.br\/sistema\/wp-content\/uploads\/2023\/08\/eleicao.trairi2-768x432.jpg 768w, https:\/\/faec.org.br\/sistema\/wp-content\/uploads\/2023\/08\/eleicao.trairi2-1110x624.jpg 1110w, https:\/\/faec.org.br\/sistema\/wp-content\/uploads\/2023\/08\/eleicao.trairi2-528x297.jpg 528w, https:\/\/faec.org.br\/sistema\/wp-content\/uploads\/2023\/08\/eleicao.trairi2-24x14.jpg 24w, https:\/\/faec.org.br\/sistema\/wp-content\/uploads\/2023\/08\/eleicao.trairi2-36x20.jpg 36w, https:\/\/faec.org.br\/sistema\/wp-content\/uploads\/2023\/08\/eleicao.trairi2-48x27.jpg 48w\" sizes=\"auto, (max-width: 1152px) 100vw, 1152px\" \/><\/p>\n<p>O processo eleitoral contou com a presen\u00e7a de Nilza Luna, chefe do Departamento Sindical do Sistema Faec\/Senar, e de Carlos Bezerra, superintendente da Faec e presidente do sindicato rural de Ibaretama.<\/p>\n","protected":false},"excerpt":{"rendered":"<p>O Sindicato Rural de Trairi elegeu, na \u00faltima ter\u00e7a-feira (22 de agosto), Jo\u00e3o Alves Freire (Jo\u00e3o Merer\u00e9) para a Presid\u00eancia do sindicato para o mandato 2023\/2026. A posse do presidente e dos demais integrantes da chapa que ir\u00e1 compor a nova diretoria ser\u00e1 realizada no dia 21 de setembro. O processo eleitoral contou com a [&hellip;]<\/p>\n","protected":false},"author":1,"featured_media":16871,"comment_status":"open","ping_status":"open","sticky":false,"template":"","format":"standard","meta":{"footnotes":"","_links_to":"","_links_to_target":""},"categories":[5],"tags":[],"class_list":{"0":"post-16869","1":"post","2":"type-post","3":"status-publish","4":"format-standard","5":"has-post-thumbnail","7":"category-noticias","8":"czr-hentry"},"aioseo_notices":[],"_links":{"self":[{"href":"https:\/\/faec.org.br\/sistema\/wp-json\/wp\/v2\/posts\/16869","targetHints":{"allow":["GET"]}}],"collection":[{"href":"https:\/\/faec.org.br\/sistema\/wp-json\/wp\/v2\/posts"}],"about":[{"href":"https:\/\/faec.org.br\/sistema\/wp-json\/wp\/v2\/types\/post"}],"author":[{"embeddable":true,"href":"https:\/\/faec.org.br\/sistema\/wp-json\/wp\/v2\/users\/1"}],"replies":[{"embeddable":true,"href":"https:\/\/faec.org.br\/sistema\/wp-json\/wp\/v2\/comments?post=16869"}],"version-history":[{"count":1,"href":"https:\/\/faec.org.br\/sistema\/wp-json\/wp\/v2\/posts\/16869\/revisions"}],"predecessor-version":[{"id":16872,"href":"https:\/\/faec.org.br\/sistema\/wp-json\/wp\/v2\/posts\/16869\/revisions\/16872"}],"wp:featuredmedia":[{"embeddable":true,"href":"https:\/\/faec.org.br\/sistema\/wp-json\/wp\/v2\/media\/16871"}],"wp:attachment":[{"href":"https:\/\/faec.org.br\/sistema\/wp-json\/wp\/v2\/media?parent=16869"}],"wp:term":[{"taxonomy":"category","embeddable":true,"href":"https:\/\/faec.org.br\/sistema\/wp-json\/wp\/v2\/categories?post=16869"},{"taxonomy":"post_tag","embeddable":true,"href":"https:\/\/faec.org.br\/sistema\/wp-json\/wp\/v2\/tags?post=16869"}],"curies":[{"name":"wp","href":"https:\/\/api.w.org\/{rel}","templated":true}]}}