{"id":16737,"date":"2023-07-07T08:48:33","date_gmt":"2023-07-07T11:48:33","guid":{"rendered":"http:\/\/faec.org.br\/sistema\/?p=16737"},"modified":"2023-07-07T08:48:33","modified_gmt":"2023-07-07T11:48:33","slug":"presidente-da-faec-participa-de-homenagem-a-empresario-everardo-vasconcelos-da-tijuca-alimentos","status":"publish","type":"post","link":"https:\/\/faec.org.br\/sistema\/presidente-da-faec-participa-de-homenagem-a-empresario-everardo-vasconcelos-da-tijuca-alimentos\/","title":{"rendered":"Presidente da Faec participa de homenagem a empres\u00e1rio Everardo Vasconcelos, da Tijuca Alimentos"},"content":{"rendered":"<p><img loading=\"lazy\" decoding=\"async\" class=\"size-full wp-image-16738 aligncenter\" src=\"http:\/\/faec.org.br\/sistema\/wp-content\/uploads\/2023\/07\/AL.tijuca1.jpg\" alt=\"\" width=\"1433\" height=\"1200\" srcset=\"https:\/\/faec.org.br\/sistema\/wp-content\/uploads\/2023\/07\/AL.tijuca1.jpg 1433w, https:\/\/faec.org.br\/sistema\/wp-content\/uploads\/2023\/07\/AL.tijuca1-300x251.jpg 300w, https:\/\/faec.org.br\/sistema\/wp-content\/uploads\/2023\/07\/AL.tijuca1-1290x1080.jpg 1290w, https:\/\/faec.org.br\/sistema\/wp-content\/uploads\/2023\/07\/AL.tijuca1-768x643.jpg 768w, https:\/\/faec.org.br\/sistema\/wp-content\/uploads\/2023\/07\/AL.tijuca1-24x20.jpg 24w, https:\/\/faec.org.br\/sistema\/wp-content\/uploads\/2023\/07\/AL.tijuca1-36x30.jpg 36w, https:\/\/faec.org.br\/sistema\/wp-content\/uploads\/2023\/07\/AL.tijuca1-48x40.jpg 48w\" sizes=\"auto, (max-width: 1433px) 100vw, 1433px\" \/>O presidente da Federa\u00e7\u00e3o da Agricultura e Pecu\u00e1ria do Estado do Cear\u00e1 (Faec), Am\u00edlcar Silveira, participou, nesta quinta-feira (6), da solenidade de entrega da Medalha do M\u00e9rito Parlamentar ao empres\u00e1rio Raimundo Everardo Mendes Vasconcelos, fundador da Tijuca Alimentos. A comenda \u00e9 concedida pela Assembleia Legislativa do Estado do Cear\u00e1 a destaques do setor empresarial do Estado. A sess\u00e3o solene foi realizada no Plen\u00e1rio 13 de Maio.<\/p>\n<p>Am\u00edlcar Silveira ressaltou que Raimundo Everardo \u00e9 o maior produtor do Estado, quando se trata de honestidade e respeito, e que o empres\u00e1rio representa todos os produtores rurais cearenses pelo seu car\u00e1ter \u00edntegro e honradez. E que a Tijuca Alimentos ser\u00e1 daqui a alguns anos a maior granja do Cear\u00e1. \u201cEverardo \u00e9 o modelo do que representa o produtor rural cearense, \u00e9 um homem de bem em todos os sentidos e n\u00f3s, da Faec, nos orgulhamos do seu trabalho e nos sentimos todos tamb\u00e9m homenageados\u201d, disse o presidente da Faec. &#8220;Sua empresa ser\u00e1 a maior do setor no Cear\u00e1&#8221;.<\/p>\n<p><img loading=\"lazy\" decoding=\"async\" class=\"size-full wp-image-16739 aligncenter\" src=\"http:\/\/faec.org.br\/sistema\/wp-content\/uploads\/2023\/07\/AL.tijuca.jpg\" alt=\"\" width=\"999\" height=\"555\" srcset=\"https:\/\/faec.org.br\/sistema\/wp-content\/uploads\/2023\/07\/AL.tijuca.jpg 999w, https:\/\/faec.org.br\/sistema\/wp-content\/uploads\/2023\/07\/AL.tijuca-300x167.jpg 300w, https:\/\/faec.org.br\/sistema\/wp-content\/uploads\/2023\/07\/AL.tijuca-768x427.jpg 768w, https:\/\/faec.org.br\/sistema\/wp-content\/uploads\/2023\/07\/AL.tijuca-24x13.jpg 24w, https:\/\/faec.org.br\/sistema\/wp-content\/uploads\/2023\/07\/AL.tijuca-36x20.jpg 36w, https:\/\/faec.org.br\/sistema\/wp-content\/uploads\/2023\/07\/AL.tijuca-48x27.jpg 48w\" sizes=\"auto, (max-width: 999px) 100vw, 999px\" \/><\/p>\n<p>Raimundo Everardo e a fam\u00edlia comandam a empresa cearense Tijuca Alimentos, fundada em 1969, que responde pela comercializa\u00e7\u00e3o de produtos, como ovos, frangos e queijo, abastecendo diversos estados, principalmente, na regi\u00e3o Nordeste. &#8220;\u00c9 com muito orgulho e satisfa\u00e7\u00e3o que recebo essa homenagem. Nessa jornada empresarial, muitas pessoas e \u00f3rg\u00e3os me ajudaram a trilhar esse caminho cheio de desafios, desde o apoio financeiro de bancos at\u00e9 o apoio da secretaria da Agricultura, da Embrapa e de muitos outros parceiros&#8221;, disse. &#8220;O cearense \u00e9 rico de for\u00e7a e coragem e tem uma vontade de vencer muito grande. Muitas pessoas me diziam que n\u00e3o iria dar certo, mas nunca deixei de acreditar nesse sonho. Hoje vejo que todo esfor\u00e7o valeu a pena, pois somos grandes produtores de frangos, ovos, leite, frutas e principalmente de talentos\u201d.<\/p>\n<p>O presidente da Associa\u00e7\u00e3o Cearense de Avicultura (Aceav), Jo\u00e3o Jorge Reis, disse que Raimundo Everardo Mendes Vasconcelos \u201cpossui um fant\u00e1stico esp\u00edrito de associativismo e cooperativismo, essenciais para que a Aceav preste bons servi\u00e7os \u00e0 sociedade&#8221;.<\/p>\n","protected":false},"excerpt":{"rendered":"<p>O presidente da Federa\u00e7\u00e3o da Agricultura e Pecu\u00e1ria do Estado do Cear\u00e1 (Faec), Am\u00edlcar Silveira, participou, nesta quinta-feira (6), da solenidade de entrega da Medalha do M\u00e9rito Parlamentar ao empres\u00e1rio Raimundo Everardo Mendes Vasconcelos, fundador da Tijuca Alimentos. A comenda \u00e9 concedida pela Assembleia Legislativa do Estado do Cear\u00e1 a destaques do setor empresarial do [&hellip;]<\/p>\n","protected":false},"author":1,"featured_media":16738,"comment_status":"open","ping_status":"open","sticky":false,"template":"","format":"standard","meta":{"footnotes":"","_links_to":"","_links_to_target":""},"categories":[5],"tags":[],"class_list":{"0":"post-16737","1":"post","2":"type-post","3":"status-publish","4":"format-standard","5":"has-post-thumbnail","7":"category-noticias","8":"czr-hentry"},"aioseo_notices":[],"_links":{"self":[{"href":"https:\/\/faec.org.br\/sistema\/wp-json\/wp\/v2\/posts\/16737","targetHints":{"allow":["GET"]}}],"collection":[{"href":"https:\/\/faec.org.br\/sistema\/wp-json\/wp\/v2\/posts"}],"about":[{"href":"https:\/\/faec.org.br\/sistema\/wp-json\/wp\/v2\/types\/post"}],"author":[{"embeddable":true,"href":"https:\/\/faec.org.br\/sistema\/wp-json\/wp\/v2\/users\/1"}],"replies":[{"embeddable":true,"href":"https:\/\/faec.org.br\/sistema\/wp-json\/wp\/v2\/comments?post=16737"}],"version-history":[{"count":1,"href":"https:\/\/faec.org.br\/sistema\/wp-json\/wp\/v2\/posts\/16737\/revisions"}],"predecessor-version":[{"id":16740,"href":"https:\/\/faec.org.br\/sistema\/wp-json\/wp\/v2\/posts\/16737\/revisions\/16740"}],"wp:featuredmedia":[{"embeddable":true,"href":"https:\/\/faec.org.br\/sistema\/wp-json\/wp\/v2\/media\/16738"}],"wp:attachment":[{"href":"https:\/\/faec.org.br\/sistema\/wp-json\/wp\/v2\/media?parent=16737"}],"wp:term":[{"taxonomy":"category","embeddable":true,"href":"https:\/\/faec.org.br\/sistema\/wp-json\/wp\/v2\/categories?post=16737"},{"taxonomy":"post_tag","embeddable":true,"href":"https:\/\/faec.org.br\/sistema\/wp-json\/wp\/v2\/tags?post=16737"}],"curies":[{"name":"wp","href":"https:\/\/api.w.org\/{rel}","templated":true}]}}