{"id":16730,"date":"2023-06-29T15:23:54","date_gmt":"2023-06-29T18:23:54","guid":{"rendered":"http:\/\/faec.org.br\/sistema\/?p=16730"},"modified":"2023-06-29T15:23:54","modified_gmt":"2023-06-29T18:23:54","slug":"presidente-da-faec-apresenta-propostas-para-o-agro-cearense-ao-secretario-salmito-filho","status":"publish","type":"post","link":"https:\/\/faec.org.br\/sistema\/presidente-da-faec-apresenta-propostas-para-o-agro-cearense-ao-secretario-salmito-filho\/","title":{"rendered":"Presidente da Faec apresenta propostas para o agro cearense ao secret\u00e1rio Salmito Filho"},"content":{"rendered":"<p><img loading=\"lazy\" decoding=\"async\" class=\"size-full wp-image-16731 aligncenter\" src=\"http:\/\/faec.org.br\/sistema\/wp-content\/uploads\/2023\/06\/reuniao.salmito2.jpg\" alt=\"\" width=\"1440\" height=\"1085\" \/>O presidente da Federa\u00e7\u00e3o da Agricultura e Pecu\u00e1ria do Estado do Cear\u00e1 (Faec), Am\u00edlcar Silveira, recebeu, nesta quinta-feira (28), o secret\u00e1rio de Desenvolvimento Econ\u00f4mico do Cear\u00e1, Salmito Filho, para tratar de demandas do agro cearense e de a\u00e7\u00f5es conjuntas, entre Sistema Faec\/Senar e Governo do Estado, voltadas para o desenvolvimento do setor. Tamb\u00e9m participaram da reuni\u00e3o o secret\u00e1rio Executivo do Agroneg\u00f3cio da SDE, S\u00edlvio Carlos Ribeiro, empres\u00e1rios e produtores.<\/p>\n<p><img loading=\"lazy\" decoding=\"async\" class=\"size-full wp-image-16732 aligncenter\" src=\"http:\/\/faec.org.br\/sistema\/wp-content\/uploads\/2023\/06\/reuniao.salmito.jpg\" alt=\"\" width=\"1600\" height=\"1200\" srcset=\"https:\/\/faec.org.br\/sistema\/wp-content\/uploads\/2023\/06\/reuniao.salmito.jpg 1600w, https:\/\/faec.org.br\/sistema\/wp-content\/uploads\/2023\/06\/reuniao.salmito-300x225.jpg 300w, https:\/\/faec.org.br\/sistema\/wp-content\/uploads\/2023\/06\/reuniao.salmito-1440x1080.jpg 1440w, https:\/\/faec.org.br\/sistema\/wp-content\/uploads\/2023\/06\/reuniao.salmito-768x576.jpg 768w, https:\/\/faec.org.br\/sistema\/wp-content\/uploads\/2023\/06\/reuniao.salmito-1536x1152.jpg 1536w, https:\/\/faec.org.br\/sistema\/wp-content\/uploads\/2023\/06\/reuniao.salmito-24x18.jpg 24w, https:\/\/faec.org.br\/sistema\/wp-content\/uploads\/2023\/06\/reuniao.salmito-36x27.jpg 36w, https:\/\/faec.org.br\/sistema\/wp-content\/uploads\/2023\/06\/reuniao.salmito-48x36.jpg 48w\" sizes=\"auto, (max-width: 1600px) 100vw, 1600px\" \/><\/p>\n<p>\u201cEstamos aqui para apresentar a proposta de plano de trabalho para o agroneg\u00f3cio cearense\u201d, disse Salmito Filho ao solicitar a colabora\u00e7\u00e3o do Sistema Faec\/Senar para o plano do Governo do Estado para os anos de 2023 e 2024. \u201cQueremos ouvir da Faec sugest\u00f5es para o plano que ser\u00e1 apresentado ao governador Elmano de Freitas\u201d, disse.<\/p>\n<p>Amilcar Silveira, por sua vez, entregou ao secret\u00e1rio demandas de curto e m\u00e9dio prazo para serem analisadas pelo Governo, como apoio para o uso dos per\u00edmetros irrigados de forma eficiente e sustent\u00e1vel, e a\u00e7\u00f5es voltadas para a seguran\u00e7a no campo, com a cria\u00e7\u00e3o de uma delegacia rural. &#8220;Queremos contribuir e ser parceiros\u201d, disse Am\u00edlcar.<\/p>\n<p><img loading=\"lazy\" decoding=\"async\" class=\"size-full wp-image-16733 aligncenter\" src=\"http:\/\/faec.org.br\/sistema\/wp-content\/uploads\/2023\/06\/reuniao.salmito1.jpg\" alt=\"\" width=\"1600\" height=\"1200\" srcset=\"https:\/\/faec.org.br\/sistema\/wp-content\/uploads\/2023\/06\/reuniao.salmito1.jpg 1600w, https:\/\/faec.org.br\/sistema\/wp-content\/uploads\/2023\/06\/reuniao.salmito1-300x225.jpg 300w, https:\/\/faec.org.br\/sistema\/wp-content\/uploads\/2023\/06\/reuniao.salmito1-1440x1080.jpg 1440w, https:\/\/faec.org.br\/sistema\/wp-content\/uploads\/2023\/06\/reuniao.salmito1-768x576.jpg 768w, https:\/\/faec.org.br\/sistema\/wp-content\/uploads\/2023\/06\/reuniao.salmito1-1536x1152.jpg 1536w, https:\/\/faec.org.br\/sistema\/wp-content\/uploads\/2023\/06\/reuniao.salmito1-24x18.jpg 24w, https:\/\/faec.org.br\/sistema\/wp-content\/uploads\/2023\/06\/reuniao.salmito1-36x27.jpg 36w, https:\/\/faec.org.br\/sistema\/wp-content\/uploads\/2023\/06\/reuniao.salmito1-48x36.jpg 48w\" sizes=\"auto, (max-width: 1600px) 100vw, 1600px\" \/><\/p>\n<p>J\u00e1 o secret\u00e1rio Silvio Carlos destacou o potencial de crescimento do agro cearense na agricultura irrigada voltada para culturas de maior valor agregado. &#8220;Ainda temos muitas fronteiras agr\u00edcolas a serem exploradas\u201d, disse. Na ocasi\u00e3o, os convidados conheceram o Centro de Intelig\u00eancia e Inova\u00e7\u00e3o da Agropecu\u00e1ria do Cear\u00e1 (Ciiagro).<\/p>\n","protected":false},"excerpt":{"rendered":"<p>O presidente da Federa\u00e7\u00e3o da Agricultura e Pecu\u00e1ria do Estado do Cear\u00e1 (Faec), Am\u00edlcar Silveira, recebeu, nesta quinta-feira (28), o secret\u00e1rio de Desenvolvimento Econ\u00f4mico do Cear\u00e1, Salmito Filho, para tratar de demandas do agro cearense e de a\u00e7\u00f5es conjuntas, entre Sistema Faec\/Senar e Governo do Estado, voltadas para o desenvolvimento do setor. Tamb\u00e9m participaram da [&hellip;]<\/p>\n","protected":false},"author":1,"featured_media":16731,"comment_status":"open","ping_status":"open","sticky":false,"template":"","format":"standard","meta":{"footnotes":"","_links_to":"","_links_to_target":""},"categories":[5],"tags":[],"class_list":{"0":"post-16730","1":"post","2":"type-post","3":"status-publish","4":"format-standard","5":"has-post-thumbnail","7":"category-noticias","8":"czr-hentry"},"aioseo_notices":[],"_links":{"self":[{"href":"https:\/\/faec.org.br\/sistema\/wp-json\/wp\/v2\/posts\/16730","targetHints":{"allow":["GET"]}}],"collection":[{"href":"https:\/\/faec.org.br\/sistema\/wp-json\/wp\/v2\/posts"}],"about":[{"href":"https:\/\/faec.org.br\/sistema\/wp-json\/wp\/v2\/types\/post"}],"author":[{"embeddable":true,"href":"https:\/\/faec.org.br\/sistema\/wp-json\/wp\/v2\/users\/1"}],"replies":[{"embeddable":true,"href":"https:\/\/faec.org.br\/sistema\/wp-json\/wp\/v2\/comments?post=16730"}],"version-history":[{"count":1,"href":"https:\/\/faec.org.br\/sistema\/wp-json\/wp\/v2\/posts\/16730\/revisions"}],"predecessor-version":[{"id":16734,"href":"https:\/\/faec.org.br\/sistema\/wp-json\/wp\/v2\/posts\/16730\/revisions\/16734"}],"wp:featuredmedia":[{"embeddable":true,"href":"https:\/\/faec.org.br\/sistema\/wp-json\/wp\/v2\/media\/16731"}],"wp:attachment":[{"href":"https:\/\/faec.org.br\/sistema\/wp-json\/wp\/v2\/media?parent=16730"}],"wp:term":[{"taxonomy":"category","embeddable":true,"href":"https:\/\/faec.org.br\/sistema\/wp-json\/wp\/v2\/categories?post=16730"},{"taxonomy":"post_tag","embeddable":true,"href":"https:\/\/faec.org.br\/sistema\/wp-json\/wp\/v2\/tags?post=16730"}],"curies":[{"name":"wp","href":"https:\/\/api.w.org\/{rel}","templated":true}]}}