{"id":16722,"date":"2023-06-23T15:54:10","date_gmt":"2023-06-23T18:54:10","guid":{"rendered":"http:\/\/faec.org.br\/sistema\/?p=16722"},"modified":"2023-06-23T15:54:10","modified_gmt":"2023-06-23T18:54:10","slug":"sistema-faec-senar-leva-programa-saude-do-homem-e-da-mulher-a-beberibe","status":"publish","type":"post","link":"https:\/\/faec.org.br\/sistema\/sistema-faec-senar-leva-programa-saude-do-homem-e-da-mulher-a-beberibe\/","title":{"rendered":"Sistema Faec\/Senar leva Programa Sa\u00fade do Homem e da Mulher a Beberibe"},"content":{"rendered":"<p><img loading=\"lazy\" decoding=\"async\" class=\"size-full wp-image-16723 aligncenter\" src=\"http:\/\/faec.org.br\/sistema\/wp-content\/uploads\/2023\/06\/f1bbfe73-469f-4e42-80b6-b95899ddc610.jpg\" alt=\"\" width=\"1600\" height=\"1200\" \/>O Sistema Faec\/Senar promoveu, nesta sexta-feira (23), o Programa Sa\u00fade do Homem e da Mulher no munic\u00edpio de Beberibe, no litoral leste do Cear\u00e1. A a\u00e7\u00e3o contou com a presen\u00e7a da prefeita de Beberibe, Michele Queiroz, do superintendente do Senar Cear\u00e1, S\u00e9rgio Oliveira, da diretora t\u00e9cnica do Senar Cear\u00e1, Kelly Cl\u00e1udio, e do presidente do Sindicato Rural de Beberibe, Tadeu Cola\u00e7o.<\/p>\n<p>&#8220;Esse \u00e9 um dos programas mais bonitos do Sistema Faec\/Senar, por isso precisamos muito dessa parceria entre as prefeituras e os sindicatos rurais, para que possamos atender cada vez mais produtores rurais&#8221;, diz S\u00e9rgio Oliveira.<\/p>\n<p><img loading=\"lazy\" decoding=\"async\" class=\"size-full wp-image-16725 aligncenter\" src=\"http:\/\/faec.org.br\/sistema\/wp-content\/uploads\/2023\/06\/91ce1ba3-af28-4c46-9e3c-2dbc7b17a6c5.jpg\" alt=\"\" width=\"1600\" height=\"1200\" srcset=\"https:\/\/faec.org.br\/sistema\/wp-content\/uploads\/2023\/06\/91ce1ba3-af28-4c46-9e3c-2dbc7b17a6c5.jpg 1600w, https:\/\/faec.org.br\/sistema\/wp-content\/uploads\/2023\/06\/91ce1ba3-af28-4c46-9e3c-2dbc7b17a6c5-300x225.jpg 300w, https:\/\/faec.org.br\/sistema\/wp-content\/uploads\/2023\/06\/91ce1ba3-af28-4c46-9e3c-2dbc7b17a6c5-1440x1080.jpg 1440w, https:\/\/faec.org.br\/sistema\/wp-content\/uploads\/2023\/06\/91ce1ba3-af28-4c46-9e3c-2dbc7b17a6c5-768x576.jpg 768w, https:\/\/faec.org.br\/sistema\/wp-content\/uploads\/2023\/06\/91ce1ba3-af28-4c46-9e3c-2dbc7b17a6c5-1536x1152.jpg 1536w, https:\/\/faec.org.br\/sistema\/wp-content\/uploads\/2023\/06\/91ce1ba3-af28-4c46-9e3c-2dbc7b17a6c5-24x18.jpg 24w, https:\/\/faec.org.br\/sistema\/wp-content\/uploads\/2023\/06\/91ce1ba3-af28-4c46-9e3c-2dbc7b17a6c5-36x27.jpg 36w, https:\/\/faec.org.br\/sistema\/wp-content\/uploads\/2023\/06\/91ce1ba3-af28-4c46-9e3c-2dbc7b17a6c5-48x36.jpg 48w\" sizes=\"auto, (max-width: 1600px) 100vw, 1600px\" \/><\/p>\n<p>Segundo Kelly Cl\u00e1udio, o objetivo para 2023 \u00e9 atender cerca de 25 distritos cearenses, dobrando a marca de 2022. &#8220;Este \u00e9 um evento que faz a diferen\u00e7a para os munic\u00edpios e produtores rurais atendidos. Em 2022 levamos o programa para 12 distritos e neste ano vamos mais do que dobrar este n\u00famero&#8221;, disse.<\/p>\n<p><img loading=\"lazy\" decoding=\"async\" class=\"size-full wp-image-16724 aligncenter\" src=\"http:\/\/faec.org.br\/sistema\/wp-content\/uploads\/2023\/06\/c0e5acf6-dd2e-4ae3-b216-611ec30f57de.jpg\" alt=\"\" width=\"1600\" height=\"1200\" srcset=\"https:\/\/faec.org.br\/sistema\/wp-content\/uploads\/2023\/06\/c0e5acf6-dd2e-4ae3-b216-611ec30f57de.jpg 1600w, https:\/\/faec.org.br\/sistema\/wp-content\/uploads\/2023\/06\/c0e5acf6-dd2e-4ae3-b216-611ec30f57de-300x225.jpg 300w, https:\/\/faec.org.br\/sistema\/wp-content\/uploads\/2023\/06\/c0e5acf6-dd2e-4ae3-b216-611ec30f57de-1440x1080.jpg 1440w, https:\/\/faec.org.br\/sistema\/wp-content\/uploads\/2023\/06\/c0e5acf6-dd2e-4ae3-b216-611ec30f57de-768x576.jpg 768w, https:\/\/faec.org.br\/sistema\/wp-content\/uploads\/2023\/06\/c0e5acf6-dd2e-4ae3-b216-611ec30f57de-1536x1152.jpg 1536w, https:\/\/faec.org.br\/sistema\/wp-content\/uploads\/2023\/06\/c0e5acf6-dd2e-4ae3-b216-611ec30f57de-24x18.jpg 24w, https:\/\/faec.org.br\/sistema\/wp-content\/uploads\/2023\/06\/c0e5acf6-dd2e-4ae3-b216-611ec30f57de-36x27.jpg 36w, https:\/\/faec.org.br\/sistema\/wp-content\/uploads\/2023\/06\/c0e5acf6-dd2e-4ae3-b216-611ec30f57de-48x36.jpg 48w\" sizes=\"auto, (max-width: 1600px) 100vw, 1600px\" \/><\/p>\n<p><strong>Programa Sa\u00fade do Homem e da Mulher<\/strong><br \/>\nRealizado desde 2010 no Cear\u00e1, o Programa Sa\u00fade do Homem e da Mulher \u00e9 uma a\u00e7\u00e3o do Senar Cear\u00e1, Faec, Sindicatos Rurais e prefeituras municipais. O Programa oferece atendimento gratuito \u00e0 popula\u00e7\u00e3o da zona rural, com exames preventivos como PSA (Preventivo do C\u00e2ncer de Pr\u00f3stata) para os homens e o Papanicolau (Preven\u00e7\u00e3o do C\u00e2ncer do Colo do \u00datero) para as mulheres.<\/p>\n","protected":false},"excerpt":{"rendered":"<p>O Sistema Faec\/Senar promoveu, nesta sexta-feira (23), o Programa Sa\u00fade do Homem e da Mulher no munic\u00edpio de Beberibe, no litoral leste do Cear\u00e1. A a\u00e7\u00e3o contou com a presen\u00e7a da prefeita de Beberibe, Michele Queiroz, do superintendente do Senar Cear\u00e1, S\u00e9rgio Oliveira, da diretora t\u00e9cnica do Senar Cear\u00e1, Kelly Cl\u00e1udio, e do presidente do [&hellip;]<\/p>\n","protected":false},"author":1,"featured_media":16723,"comment_status":"open","ping_status":"open","sticky":false,"template":"","format":"standard","meta":{"footnotes":"","_links_to":"","_links_to_target":""},"categories":[5],"tags":[],"class_list":{"0":"post-16722","1":"post","2":"type-post","3":"status-publish","4":"format-standard","5":"has-post-thumbnail","7":"category-noticias","8":"czr-hentry"},"aioseo_notices":[],"_links":{"self":[{"href":"https:\/\/faec.org.br\/sistema\/wp-json\/wp\/v2\/posts\/16722","targetHints":{"allow":["GET"]}}],"collection":[{"href":"https:\/\/faec.org.br\/sistema\/wp-json\/wp\/v2\/posts"}],"about":[{"href":"https:\/\/faec.org.br\/sistema\/wp-json\/wp\/v2\/types\/post"}],"author":[{"embeddable":true,"href":"https:\/\/faec.org.br\/sistema\/wp-json\/wp\/v2\/users\/1"}],"replies":[{"embeddable":true,"href":"https:\/\/faec.org.br\/sistema\/wp-json\/wp\/v2\/comments?post=16722"}],"version-history":[{"count":1,"href":"https:\/\/faec.org.br\/sistema\/wp-json\/wp\/v2\/posts\/16722\/revisions"}],"predecessor-version":[{"id":16726,"href":"https:\/\/faec.org.br\/sistema\/wp-json\/wp\/v2\/posts\/16722\/revisions\/16726"}],"wp:featuredmedia":[{"embeddable":true,"href":"https:\/\/faec.org.br\/sistema\/wp-json\/wp\/v2\/media\/16723"}],"wp:attachment":[{"href":"https:\/\/faec.org.br\/sistema\/wp-json\/wp\/v2\/media?parent=16722"}],"wp:term":[{"taxonomy":"category","embeddable":true,"href":"https:\/\/faec.org.br\/sistema\/wp-json\/wp\/v2\/categories?post=16722"},{"taxonomy":"post_tag","embeddable":true,"href":"https:\/\/faec.org.br\/sistema\/wp-json\/wp\/v2\/tags?post=16722"}],"curies":[{"name":"wp","href":"https:\/\/api.w.org\/{rel}","templated":true}]}}