{"id":16647,"date":"2023-05-19T08:36:25","date_gmt":"2023-05-19T11:36:25","guid":{"rendered":"http:\/\/faec.org.br\/sistema\/?p=16647"},"modified":"2023-05-19T08:36:25","modified_gmt":"2023-05-19T11:36:25","slug":"presidente-da-faec-alerta-para-risco-de-el-nino-e-defende-plano-estrategico","status":"publish","type":"post","link":"https:\/\/faec.org.br\/sistema\/presidente-da-faec-alerta-para-risco-de-el-nino-e-defende-plano-estrategico\/","title":{"rendered":"Presidente da Faec alerta para risco de El Ni\u00f1o e defende plano estrat\u00e9gico"},"content":{"rendered":"<p><img loading=\"lazy\" decoding=\"async\" class=\"size-full wp-image-16623 alignleft\" src=\"http:\/\/faec.org.br\/sistema\/wp-content\/uploads\/2023\/05\/amilcar.1.jpg\" alt=\"\" width=\"1158\" height=\"866\" srcset=\"https:\/\/faec.org.br\/sistema\/wp-content\/uploads\/2023\/05\/amilcar.1.jpg 1158w, https:\/\/faec.org.br\/sistema\/wp-content\/uploads\/2023\/05\/amilcar.1-300x224.jpg 300w, https:\/\/faec.org.br\/sistema\/wp-content\/uploads\/2023\/05\/amilcar.1-768x574.jpg 768w, https:\/\/faec.org.br\/sistema\/wp-content\/uploads\/2023\/05\/amilcar.1-24x18.jpg 24w, https:\/\/faec.org.br\/sistema\/wp-content\/uploads\/2023\/05\/amilcar.1-36x27.jpg 36w, https:\/\/faec.org.br\/sistema\/wp-content\/uploads\/2023\/05\/amilcar.1-48x36.jpg 48w\" sizes=\"auto, (max-width: 1158px) 100vw, 1158px\" \/>Diante da poss\u00edvel aproxima\u00e7\u00e3o do El Ni\u00f1o &#8211; fen\u00f4meno clim\u00e1tico que afeta o regime de chuvas &#8211; o presidente da Federa\u00e7\u00e3o da Agricultura e Pecu\u00e1ria do Estado do Cear\u00e1 (Faec), Am\u00edlcar Silveira, sugere que governo e setor produtivo pensem em um plano estrat\u00e9gico para atenuar potenciais efeitos causados pela escassez h\u00eddrica no Estado.<\/p>\n<p>\u201cA ci\u00eancia j\u00e1 praticamente confirmou que teremos um El Ni\u00f1o a partir do segundo semestre deste ano, com a possibilidade de o fen\u00f4meno chegar ao Cear\u00e1 antes disso\u201d, diz Am\u00edlcar Silveira. O presidente da Faec avalia que seria sensato que o Governo do Estado, em parceria com o setor produtivo e com os organismos que tratam da gest\u00e3o dos recursos h\u00eddricos e da meteorologia (como SRH, Cogerh e Funceme), tomem provid\u00eancias antecipadas contra os efeitos que uma nova e prolongada estiagem causar\u00e1 \u00e0 economia e \u00e0 popula\u00e7\u00e3o do Cear\u00e1.<\/p>\n<p>O que h\u00e1 hoje nos reservat\u00f3rios cearenses \u00e9 pouco para as necessidades da popula\u00e7\u00e3o humana e animal e para o atendimento da ind\u00fastria e da agropecu\u00e1ria. Em condi\u00e7\u00f5es normais, as atuais reservas h\u00eddricas seriam suficientes para um ano e meio de necessidades rurais e da Regi\u00e3o Metropolitana de Fortaleza.<\/p>\n<p>O presidente da Faec sugere a cria\u00e7\u00e3o de um Grupo de Trabalho com o objetivo de elaborar uma cartilha do que fazer, como fazer, onde fazer e quando fazer para a antecipa\u00e7\u00e3o de medidas de enfrentamento de mais um El Ni\u00f1o.<\/p>\n","protected":false},"excerpt":{"rendered":"<p>Diante da poss\u00edvel aproxima\u00e7\u00e3o do El Ni\u00f1o &#8211; fen\u00f4meno clim\u00e1tico que afeta o regime de chuvas &#8211; o presidente da Federa\u00e7\u00e3o da Agricultura e Pecu\u00e1ria do Estado do Cear\u00e1 (Faec), Am\u00edlcar Silveira, sugere que governo e setor produtivo pensem em um plano estrat\u00e9gico para atenuar potenciais efeitos causados pela escassez h\u00eddrica no Estado. \u201cA ci\u00eancia [&hellip;]<\/p>\n","protected":false},"author":1,"featured_media":16540,"comment_status":"open","ping_status":"open","sticky":false,"template":"","format":"standard","meta":{"footnotes":"","_links_to":"","_links_to_target":""},"categories":[5],"tags":[],"class_list":{"0":"post-16647","1":"post","2":"type-post","3":"status-publish","4":"format-standard","5":"has-post-thumbnail","7":"category-noticias","8":"czr-hentry"},"aioseo_notices":[],"_links":{"self":[{"href":"https:\/\/faec.org.br\/sistema\/wp-json\/wp\/v2\/posts\/16647","targetHints":{"allow":["GET"]}}],"collection":[{"href":"https:\/\/faec.org.br\/sistema\/wp-json\/wp\/v2\/posts"}],"about":[{"href":"https:\/\/faec.org.br\/sistema\/wp-json\/wp\/v2\/types\/post"}],"author":[{"embeddable":true,"href":"https:\/\/faec.org.br\/sistema\/wp-json\/wp\/v2\/users\/1"}],"replies":[{"embeddable":true,"href":"https:\/\/faec.org.br\/sistema\/wp-json\/wp\/v2\/comments?post=16647"}],"version-history":[{"count":1,"href":"https:\/\/faec.org.br\/sistema\/wp-json\/wp\/v2\/posts\/16647\/revisions"}],"predecessor-version":[{"id":16648,"href":"https:\/\/faec.org.br\/sistema\/wp-json\/wp\/v2\/posts\/16647\/revisions\/16648"}],"wp:featuredmedia":[{"embeddable":true,"href":"https:\/\/faec.org.br\/sistema\/wp-json\/wp\/v2\/media\/16540"}],"wp:attachment":[{"href":"https:\/\/faec.org.br\/sistema\/wp-json\/wp\/v2\/media?parent=16647"}],"wp:term":[{"taxonomy":"category","embeddable":true,"href":"https:\/\/faec.org.br\/sistema\/wp-json\/wp\/v2\/categories?post=16647"},{"taxonomy":"post_tag","embeddable":true,"href":"https:\/\/faec.org.br\/sistema\/wp-json\/wp\/v2\/tags?post=16647"}],"curies":[{"name":"wp","href":"https:\/\/api.w.org\/{rel}","templated":true}]}}