{"id":16597,"date":"2023-04-18T16:26:57","date_gmt":"2023-04-18T19:26:57","guid":{"rendered":"http:\/\/faec.org.br\/sistema\/?p=16597"},"modified":"2023-04-18T16:26:57","modified_gmt":"2023-04-18T19:26:57","slug":"faec-promove-doacao-de-cestas-basicas-para-vitimas-das-chuvas-de-senador-pompeu-e-milha","status":"publish","type":"post","link":"https:\/\/faec.org.br\/sistema\/faec-promove-doacao-de-cestas-basicas-para-vitimas-das-chuvas-de-senador-pompeu-e-milha\/","title":{"rendered":"Faec promove doa\u00e7\u00e3o de cestas b\u00e1sicas para v\u00edtimas das chuvas de Senador Pompeu e Milh\u00e3"},"content":{"rendered":"<p><img loading=\"lazy\" decoding=\"async\" class=\" wp-image-16598 alignleft\" src=\"http:\/\/faec.org.br\/sistema\/wp-content\/uploads\/2023\/04\/d6117fbd-a05f-4dd3-a7f7-fc481cd6ee98.jpg\" alt=\"\" width=\"373\" height=\"280\" srcset=\"https:\/\/faec.org.br\/sistema\/wp-content\/uploads\/2023\/04\/d6117fbd-a05f-4dd3-a7f7-fc481cd6ee98.jpg 1024w, https:\/\/faec.org.br\/sistema\/wp-content\/uploads\/2023\/04\/d6117fbd-a05f-4dd3-a7f7-fc481cd6ee98-300x225.jpg 300w, https:\/\/faec.org.br\/sistema\/wp-content\/uploads\/2023\/04\/d6117fbd-a05f-4dd3-a7f7-fc481cd6ee98-768x576.jpg 768w, https:\/\/faec.org.br\/sistema\/wp-content\/uploads\/2023\/04\/d6117fbd-a05f-4dd3-a7f7-fc481cd6ee98-24x18.jpg 24w, https:\/\/faec.org.br\/sistema\/wp-content\/uploads\/2023\/04\/d6117fbd-a05f-4dd3-a7f7-fc481cd6ee98-36x27.jpg 36w, https:\/\/faec.org.br\/sistema\/wp-content\/uploads\/2023\/04\/d6117fbd-a05f-4dd3-a7f7-fc481cd6ee98-48x36.jpg 48w\" sizes=\"auto, (max-width: 373px) 100vw, 373px\" \/>A Federa\u00e7\u00e3o da Agricultura e Pecu\u00e1ria do Estado do Cear\u00e1 (Faec), realizou, nesta ter\u00e7a-feira (18), a entrega de 600 cestas b\u00e1sicas para moradores e produtores rurais atingidos pelas chuvas nos munic\u00edpios de Senador Pompeu e Milh\u00e3.<\/p>\n<p>A a\u00e7\u00e3o foi dividida em duas partes, primeiro foi realizada a entrega dos kits em Senador Pompeu, no Centro Social Urbano (CSU), e posteriormente em Milh\u00e3. A da\u00e7\u00e3o das cestas b\u00e1sicas foi um compromisso do presidente da Faec, Am\u00edlcar Silveira, com os produtores rurais atingidos.<\/p>\n<p>Participaram da entrega a presidente do Sindicato Rural de Senador Pompeu, Elizabeth Medeiros, e representantes das prefeituras municipais.<\/p>\n<p><img loading=\"lazy\" decoding=\"async\" class=\"wp-image-16599 alignleft\" src=\"http:\/\/faec.org.br\/sistema\/wp-content\/uploads\/2023\/04\/30a3dd06-756f-4a6d-8034-4e66c6780fa3.jpg\" alt=\"\" width=\"219\" height=\"292\" srcset=\"https:\/\/faec.org.br\/sistema\/wp-content\/uploads\/2023\/04\/30a3dd06-756f-4a6d-8034-4e66c6780fa3.jpg 768w, https:\/\/faec.org.br\/sistema\/wp-content\/uploads\/2023\/04\/30a3dd06-756f-4a6d-8034-4e66c6780fa3-225x300.jpg 225w, https:\/\/faec.org.br\/sistema\/wp-content\/uploads\/2023\/04\/30a3dd06-756f-4a6d-8034-4e66c6780fa3-18x24.jpg 18w, https:\/\/faec.org.br\/sistema\/wp-content\/uploads\/2023\/04\/30a3dd06-756f-4a6d-8034-4e66c6780fa3-27x36.jpg 27w, https:\/\/faec.org.br\/sistema\/wp-content\/uploads\/2023\/04\/30a3dd06-756f-4a6d-8034-4e66c6780fa3-36x48.jpg 36w\" sizes=\"auto, (max-width: 219px) 100vw, 219px\" \/><strong>Estado de calamidade<\/strong><br \/>\nNo final de mar\u00e7o, a Prefeitura de Senador Pompeu decretou estado de calamidade ap\u00f3s as chuvas, e fez um apelo para que a popula\u00e7\u00e3o de alguns distritos deixasse suas casas diante do risco de arrombamento de dois a\u00e7udes.<\/p>\n<p>Em Milh\u00e3, que tamb\u00e9m decretou situa\u00e7\u00e3o de emerg\u00eancia e estado de calamidade p\u00fablica em decorr\u00eancia das chuvas, cerca de 500 fam\u00edlias ficaram desabrigadas por conta das enchentes. Casas e com\u00e9rcios foram destru\u00eddos com a for\u00e7a das \u00e1guas.<\/p>\n","protected":false},"excerpt":{"rendered":"<p>A Federa\u00e7\u00e3o da Agricultura e Pecu\u00e1ria do Estado do Cear\u00e1 (Faec), realizou, nesta ter\u00e7a-feira (18), a entrega de 600 cestas b\u00e1sicas para moradores e produtores rurais atingidos pelas chuvas nos munic\u00edpios de Senador Pompeu e Milh\u00e3. A a\u00e7\u00e3o foi dividida em duas partes, primeiro foi realizada a entrega dos kits em Senador Pompeu, no Centro [&hellip;]<\/p>\n","protected":false},"author":1,"featured_media":16598,"comment_status":"open","ping_status":"open","sticky":false,"template":"","format":"standard","meta":{"footnotes":"","_links_to":"","_links_to_target":""},"categories":[5],"tags":[314],"class_list":{"0":"post-16597","1":"post","2":"type-post","3":"status-publish","4":"format-standard","5":"has-post-thumbnail","7":"category-noticias","8":"tag-senadorpompeu-milha","9":"czr-hentry"},"aioseo_notices":[],"_links":{"self":[{"href":"https:\/\/faec.org.br\/sistema\/wp-json\/wp\/v2\/posts\/16597","targetHints":{"allow":["GET"]}}],"collection":[{"href":"https:\/\/faec.org.br\/sistema\/wp-json\/wp\/v2\/posts"}],"about":[{"href":"https:\/\/faec.org.br\/sistema\/wp-json\/wp\/v2\/types\/post"}],"author":[{"embeddable":true,"href":"https:\/\/faec.org.br\/sistema\/wp-json\/wp\/v2\/users\/1"}],"replies":[{"embeddable":true,"href":"https:\/\/faec.org.br\/sistema\/wp-json\/wp\/v2\/comments?post=16597"}],"version-history":[{"count":1,"href":"https:\/\/faec.org.br\/sistema\/wp-json\/wp\/v2\/posts\/16597\/revisions"}],"predecessor-version":[{"id":16601,"href":"https:\/\/faec.org.br\/sistema\/wp-json\/wp\/v2\/posts\/16597\/revisions\/16601"}],"wp:featuredmedia":[{"embeddable":true,"href":"https:\/\/faec.org.br\/sistema\/wp-json\/wp\/v2\/media\/16598"}],"wp:attachment":[{"href":"https:\/\/faec.org.br\/sistema\/wp-json\/wp\/v2\/media?parent=16597"}],"wp:term":[{"taxonomy":"category","embeddable":true,"href":"https:\/\/faec.org.br\/sistema\/wp-json\/wp\/v2\/categories?post=16597"},{"taxonomy":"post_tag","embeddable":true,"href":"https:\/\/faec.org.br\/sistema\/wp-json\/wp\/v2\/tags?post=16597"}],"curies":[{"name":"wp","href":"https:\/\/api.w.org\/{rel}","templated":true}]}}