{"id":16592,"date":"2023-04-14T08:36:30","date_gmt":"2023-04-14T11:36:30","guid":{"rendered":"http:\/\/faec.org.br\/sistema\/?p=16592"},"modified":"2023-04-14T08:36:30","modified_gmt":"2023-04-14T11:36:30","slug":"diretoria-do-sistema-faern-senar-rn-visita-faec","status":"publish","type":"post","link":"https:\/\/faec.org.br\/sistema\/diretoria-do-sistema-faern-senar-rn-visita-faec\/","title":{"rendered":"Diretoria do Sistema Faern\/Senar RN visita Faec"},"content":{"rendered":"<p><img loading=\"lazy\" decoding=\"async\" class=\"size-full wp-image-16593 alignleft\" src=\"http:\/\/faec.org.br\/sistema\/wp-content\/uploads\/2023\/04\/senarRN1.jpg\" alt=\"\" width=\"1600\" height=\"1200\" srcset=\"https:\/\/faec.org.br\/sistema\/wp-content\/uploads\/2023\/04\/senarRN1.jpg 1600w, https:\/\/faec.org.br\/sistema\/wp-content\/uploads\/2023\/04\/senarRN1-300x225.jpg 300w, https:\/\/faec.org.br\/sistema\/wp-content\/uploads\/2023\/04\/senarRN1-1440x1080.jpg 1440w, https:\/\/faec.org.br\/sistema\/wp-content\/uploads\/2023\/04\/senarRN1-768x576.jpg 768w, https:\/\/faec.org.br\/sistema\/wp-content\/uploads\/2023\/04\/senarRN1-1536x1152.jpg 1536w, https:\/\/faec.org.br\/sistema\/wp-content\/uploads\/2023\/04\/senarRN1-24x18.jpg 24w, https:\/\/faec.org.br\/sistema\/wp-content\/uploads\/2023\/04\/senarRN1-36x27.jpg 36w, https:\/\/faec.org.br\/sistema\/wp-content\/uploads\/2023\/04\/senarRN1-48x36.jpg 48w\" sizes=\"auto, (max-width: 1600px) 100vw, 1600px\" \/>O presidente da Federa\u00e7\u00e3o da Agricultura, Pecu\u00e1ria e Pesca do Rio Grande do Norte (Faern), Jos\u00e9 \u00c1lvares Vieira, e o superintendente do Senar RN, Luiz Henrique Paiva, visitaram, nesta quinta-feira (13), a Federa\u00e7\u00e3o da Agricultura e Pecu\u00e1ria do Estado do Cear\u00e1 (Faec).<\/p>\n<p>A comitiva do Rio Grande do Norte foi recebida por Am\u00edlcar Silveira, presidente da Faec; S\u00e9rgio Oliveira, superintendente do Senar Cear\u00e1; Kelly Cl\u00e1udio, diretora t\u00e9cnica do Senar Cear\u00e1; Carlos Bezerra, superintendente da Faec e presidente do sindicato rural de Ibaretama; e Candice Macedo, presidente do Sindicato Rural de Brejo Santo.<\/p>\n<p>Durante a visita institucional, que teve como objetivo a aproxima\u00e7\u00e3o entre as entidades, Am\u00edlcar Silveira, apresentou a\u00e7\u00f5es e projetos desenvolvidos pelo Sistema Faec\/Senar e trataram de uma agenda comum entre os representantes das entidades. Tamb\u00e9m participou da reuni\u00e3o, o assessor t\u00e9cnico e Vice-presidente regional da Faern, Henderson Abreu.<\/p>\n","protected":false},"excerpt":{"rendered":"<p>O presidente da Federa\u00e7\u00e3o da Agricultura, Pecu\u00e1ria e Pesca do Rio Grande do Norte (Faern), Jos\u00e9 \u00c1lvares Vieira, e o superintendente do Senar RN, Luiz Henrique Paiva, visitaram, nesta quinta-feira (13), a Federa\u00e7\u00e3o da Agricultura e Pecu\u00e1ria do Estado do Cear\u00e1 (Faec). A comitiva do Rio Grande do Norte foi recebida por Am\u00edlcar Silveira, presidente [&hellip;]<\/p>\n","protected":false},"author":1,"featured_media":16594,"comment_status":"open","ping_status":"open","sticky":false,"template":"","format":"standard","meta":{"footnotes":"","_links_to":"","_links_to_target":""},"categories":[5],"tags":[313],"class_list":{"0":"post-16592","1":"post","2":"type-post","3":"status-publish","4":"format-standard","5":"has-post-thumbnail","7":"category-noticias","8":"tag-faec-faern-senar","9":"czr-hentry"},"aioseo_notices":[],"_links":{"self":[{"href":"https:\/\/faec.org.br\/sistema\/wp-json\/wp\/v2\/posts\/16592","targetHints":{"allow":["GET"]}}],"collection":[{"href":"https:\/\/faec.org.br\/sistema\/wp-json\/wp\/v2\/posts"}],"about":[{"href":"https:\/\/faec.org.br\/sistema\/wp-json\/wp\/v2\/types\/post"}],"author":[{"embeddable":true,"href":"https:\/\/faec.org.br\/sistema\/wp-json\/wp\/v2\/users\/1"}],"replies":[{"embeddable":true,"href":"https:\/\/faec.org.br\/sistema\/wp-json\/wp\/v2\/comments?post=16592"}],"version-history":[{"count":1,"href":"https:\/\/faec.org.br\/sistema\/wp-json\/wp\/v2\/posts\/16592\/revisions"}],"predecessor-version":[{"id":16595,"href":"https:\/\/faec.org.br\/sistema\/wp-json\/wp\/v2\/posts\/16592\/revisions\/16595"}],"wp:featuredmedia":[{"embeddable":true,"href":"https:\/\/faec.org.br\/sistema\/wp-json\/wp\/v2\/media\/16594"}],"wp:attachment":[{"href":"https:\/\/faec.org.br\/sistema\/wp-json\/wp\/v2\/media?parent=16592"}],"wp:term":[{"taxonomy":"category","embeddable":true,"href":"https:\/\/faec.org.br\/sistema\/wp-json\/wp\/v2\/categories?post=16592"},{"taxonomy":"post_tag","embeddable":true,"href":"https:\/\/faec.org.br\/sistema\/wp-json\/wp\/v2\/tags?post=16592"}],"curies":[{"name":"wp","href":"https:\/\/api.w.org\/{rel}","templated":true}]}}