{"id":16589,"date":"2023-04-13T15:40:29","date_gmt":"2023-04-13T18:40:29","guid":{"rendered":"http:\/\/faec.org.br\/sistema\/?p=16589"},"modified":"2023-04-13T15:40:29","modified_gmt":"2023-04-13T18:40:29","slug":"cna-entra-com-pedido-liminar-no-stf-para-impedir-invasoes-de-terras","status":"publish","type":"post","link":"https:\/\/faec.org.br\/sistema\/cna-entra-com-pedido-liminar-no-stf-para-impedir-invasoes-de-terras\/","title":{"rendered":"CNA entra com pedido liminar no STF para impedir invas\u00f5es de terras"},"content":{"rendered":"<p><img loading=\"lazy\" decoding=\"async\" class=\"size-full wp-image-16590 alignleft\" src=\"http:\/\/faec.org.br\/sistema\/wp-content\/uploads\/2023\/04\/sede_da_cna_brasilia_presidenciaveis.jpg\" alt=\"\" width=\"593\" height=\"290\" srcset=\"https:\/\/faec.org.br\/sistema\/wp-content\/uploads\/2023\/04\/sede_da_cna_brasilia_presidenciaveis.jpg 593w, https:\/\/faec.org.br\/sistema\/wp-content\/uploads\/2023\/04\/sede_da_cna_brasilia_presidenciaveis-300x147.jpg 300w, https:\/\/faec.org.br\/sistema\/wp-content\/uploads\/2023\/04\/sede_da_cna_brasilia_presidenciaveis-24x12.jpg 24w, https:\/\/faec.org.br\/sistema\/wp-content\/uploads\/2023\/04\/sede_da_cna_brasilia_presidenciaveis-36x18.jpg 36w, https:\/\/faec.org.br\/sistema\/wp-content\/uploads\/2023\/04\/sede_da_cna_brasilia_presidenciaveis-48x23.jpg 48w\" sizes=\"auto, (max-width: 593px) 100vw, 593px\" \/>A Confedera\u00e7\u00e3o da Agricultura e Pecu\u00e1ria do Brasil (CNA) protocolou na noite de quarta-feira (12), no Supremo Tribunal Federal (STF), um pedido de liminar para impedir invas\u00f5es de propriedades rurais em todo o Pa\u00eds.<\/p>\n<p>Diante das recentes amea\u00e7as de promo\u00e7\u00e3o de m\u00faltiplas invas\u00f5es de propriedades rurais nas mais diversas regi\u00f5es, denominadas de \u201cAbril de Lutas\u201d ou \u201cAbril Vermelho\u201d, a CNA solicita \u00e0 Suprema Corte um conjunto de 11 medidas no pedido de tutela provis\u00f3ria incidental.<\/p>\n<p>Uma delas \u00e9 a determina\u00e7\u00e3o ao MST e Frente Nacional de Lutas Campo e Cidade (FNL), al\u00e9m de outros grupos, da suspens\u00e3o imediata de qualquer pol\u00edtica de invas\u00f5es de terras em territ\u00f3rio nacional, sob pena de atribui\u00e7\u00e3o de responsabilidade civil e penal a seus participantes e aos dirigentes de tais movimentos.<\/p>\n<p>A CNA tamb\u00e9m prop\u00f5e a atua\u00e7\u00e3o dos governos federal e estaduais no sentido de monitorar e identificar mobiliza\u00e7\u00f5es destes movimentos sociais voltadas para pr\u00e1ticas criminosas, al\u00e9m de propor programas e a\u00e7\u00f5es espec\u00edficas de combate a invas\u00f5es de terra, com a participa\u00e7\u00e3o de entidades do setor agropecu\u00e1rio.<\/p>\n<p>\u201cQueremos que o Supremo Tribunal Federal monitore diuturnamente eventuais pr\u00e1ticas de invas\u00e3o. Com essas not\u00edcias de movimentos sociais incentivando e amea\u00e7ando a viola\u00e7\u00e3o do direito de propriedade, a CNA quer provid\u00eancias para impedir o esbulho possess\u00f3rio e garantir o cumprimento do Estado Democr\u00e1tico de Direito\u201d, explica o diretor jur\u00eddico da CNA, Rudy Ferraz. <em>(Da assessoria de comunica\u00e7\u00e3o da CNA)<\/em><\/p>\n","protected":false},"excerpt":{"rendered":"<p>A Confedera\u00e7\u00e3o da Agricultura e Pecu\u00e1ria do Brasil (CNA) protocolou na noite de quarta-feira (12), no Supremo Tribunal Federal (STF), um pedido de liminar para impedir invas\u00f5es de propriedades rurais em todo o Pa\u00eds. Diante das recentes amea\u00e7as de promo\u00e7\u00e3o de m\u00faltiplas invas\u00f5es de propriedades rurais nas mais diversas regi\u00f5es, denominadas de \u201cAbril de Lutas\u201d [&hellip;]<\/p>\n","protected":false},"author":1,"featured_media":16590,"comment_status":"open","ping_status":"open","sticky":false,"template":"","format":"standard","meta":{"footnotes":"","_links_to":"","_links_to_target":""},"categories":[5],"tags":[312],"class_list":{"0":"post-16589","1":"post","2":"type-post","3":"status-publish","4":"format-standard","5":"has-post-thumbnail","7":"category-noticias","8":"tag-cna-invasoes","9":"czr-hentry"},"aioseo_notices":[],"_links":{"self":[{"href":"https:\/\/faec.org.br\/sistema\/wp-json\/wp\/v2\/posts\/16589","targetHints":{"allow":["GET"]}}],"collection":[{"href":"https:\/\/faec.org.br\/sistema\/wp-json\/wp\/v2\/posts"}],"about":[{"href":"https:\/\/faec.org.br\/sistema\/wp-json\/wp\/v2\/types\/post"}],"author":[{"embeddable":true,"href":"https:\/\/faec.org.br\/sistema\/wp-json\/wp\/v2\/users\/1"}],"replies":[{"embeddable":true,"href":"https:\/\/faec.org.br\/sistema\/wp-json\/wp\/v2\/comments?post=16589"}],"version-history":[{"count":1,"href":"https:\/\/faec.org.br\/sistema\/wp-json\/wp\/v2\/posts\/16589\/revisions"}],"predecessor-version":[{"id":16591,"href":"https:\/\/faec.org.br\/sistema\/wp-json\/wp\/v2\/posts\/16589\/revisions\/16591"}],"wp:featuredmedia":[{"embeddable":true,"href":"https:\/\/faec.org.br\/sistema\/wp-json\/wp\/v2\/media\/16590"}],"wp:attachment":[{"href":"https:\/\/faec.org.br\/sistema\/wp-json\/wp\/v2\/media?parent=16589"}],"wp:term":[{"taxonomy":"category","embeddable":true,"href":"https:\/\/faec.org.br\/sistema\/wp-json\/wp\/v2\/categories?post=16589"},{"taxonomy":"post_tag","embeddable":true,"href":"https:\/\/faec.org.br\/sistema\/wp-json\/wp\/v2\/tags?post=16589"}],"curies":[{"name":"wp","href":"https:\/\/api.w.org\/{rel}","templated":true}]}}