{"id":16509,"date":"2023-03-22T10:22:05","date_gmt":"2023-03-22T13:22:05","guid":{"rendered":"http:\/\/faec.org.br\/sistema\/?p=16509"},"modified":"2023-03-22T10:22:05","modified_gmt":"2023-03-22T13:22:05","slug":"familia-duplica-producao-de-caju-com-orientacao-do-senar","status":"publish","type":"post","link":"https:\/\/faec.org.br\/sistema\/familia-duplica-producao-de-caju-com-orientacao-do-senar\/","title":{"rendered":"Fam\u00edlia duplica produ\u00e7\u00e3o de caju com orienta\u00e7\u00e3o do Senar"},"content":{"rendered":"<p><img loading=\"lazy\" decoding=\"async\" class=\"size-medium wp-image-16510 alignleft\" src=\"http:\/\/faec.org.br\/sistema\/wp-content\/uploads\/2023\/03\/cna.caju_.ateg_-300x169.jpg\" alt=\"\" width=\"300\" height=\"169\" srcset=\"https:\/\/faec.org.br\/sistema\/wp-content\/uploads\/2023\/03\/cna.caju_.ateg_-300x169.jpg 300w, https:\/\/faec.org.br\/sistema\/wp-content\/uploads\/2023\/03\/cna.caju_.ateg_-528x297.jpg 528w, https:\/\/faec.org.br\/sistema\/wp-content\/uploads\/2023\/03\/cna.caju_.ateg_-24x14.jpg 24w, https:\/\/faec.org.br\/sistema\/wp-content\/uploads\/2023\/03\/cna.caju_.ateg_-36x20.jpg 36w, https:\/\/faec.org.br\/sistema\/wp-content\/uploads\/2023\/03\/cna.caju_.ateg_-48x27.jpg 48w, https:\/\/faec.org.br\/sistema\/wp-content\/uploads\/2023\/03\/cna.caju_.ateg_.jpg 700w\" sizes=\"auto, (max-width: 300px) 100vw, 300px\" \/>A produ\u00e7\u00e3o de caju e o beneficiamento na forma de castanha pronta para o consumo e da caju\u00edna, bebida tipicamente nordestina \u00e0 base da fruta, movem a propriedade rural da fam\u00edlia do casal Jos\u00e9 Arnaldo e Maria Ivaneide, no distrito de Aroeiras, munic\u00edpio de Cruz.<\/p>\n<p>\u00c9 da atividade em uma \u00e1rea de 26 hectares que o casal tira o sustento da fam\u00edlia e conquista vit\u00f3rias. \u201cConsegui pagar os estudos dos meus filhos atrav\u00e9s da agricultura e da produ\u00e7\u00e3o de caju\u201d, diz Jos\u00e9 Arnoldo.<\/p>\n<p>Leidiane Souza \u00e9 uma das filhas e tem orgulho de ter se formado na \u00e1rea de educa\u00e7\u00e3o. \u201cEu fico at\u00e9 emocionada em falar dos meus pais porque isso aqui \u00e9 a vida deles. Foi da\u00ed que eles conseguiram recursos para pagar uma faculdade para mim\u201d.<\/p>\n<p>Para aumentar a produ\u00e7\u00e3o e ajudar ainda mais na gera\u00e7\u00e3o e renda, o Servi\u00e7o Nacional de Aprendizagem Rural (Senar) leva a Assist\u00eancia T\u00e9cnica e Gerencial (ATeG) para a fam\u00edlia.<\/p>\n<p>A partir da orienta\u00e7\u00e3o t\u00e9cnica, a produ\u00e7\u00e3o de caju saltou de 5 mil quilos para 10 mil quilos em um ano. Semanalmente s\u00e3o beneficiados 300 quilos de castanhas.<\/p>\n<p>\u201cA gente sempre viveu na agricultura e agora estamos observando um bom desenvolvimento da safra em raz\u00e3o do trabalho realizado pela t\u00e9cnica de campo do Senar\u201d, destaca Maria Ivaneide.<\/p>\n<p>O aperfei\u00e7oamento do manejo agron\u00f4mico e a correta aduba\u00e7\u00e3o foram algumas estrat\u00e9gias utilizadas na propriedade. A t\u00e9cnica de campo do Senar Darlene Maria ainda indicou a incorpora\u00e7\u00e3o de restos de mat\u00e9ria org\u00e2nica como complemento nutricional das plantas. <em>(Assessoria de Comunica\u00e7\u00e3o CNA)<\/em><\/p>\n","protected":false},"excerpt":{"rendered":"<p>A produ\u00e7\u00e3o de caju e o beneficiamento na forma de castanha pronta para o consumo e da caju\u00edna, bebida tipicamente nordestina \u00e0 base da fruta, movem a propriedade rural da fam\u00edlia do casal Jos\u00e9 Arnaldo e Maria Ivaneide, no distrito de Aroeiras, munic\u00edpio de Cruz. \u00c9 da atividade em uma \u00e1rea de 26 hectares que [&hellip;]<\/p>\n","protected":false},"author":1,"featured_media":16510,"comment_status":"open","ping_status":"open","sticky":false,"template":"","format":"standard","meta":{"footnotes":"","_links_to":"","_links_to_target":""},"categories":[18,5],"tags":[299],"class_list":{"0":"post-16509","1":"post","2":"type-post","3":"status-publish","4":"format-standard","5":"has-post-thumbnail","7":"category-fruticultura","8":"category-noticias","9":"tag-senar-caju","10":"czr-hentry"},"aioseo_notices":[],"_links":{"self":[{"href":"https:\/\/faec.org.br\/sistema\/wp-json\/wp\/v2\/posts\/16509","targetHints":{"allow":["GET"]}}],"collection":[{"href":"https:\/\/faec.org.br\/sistema\/wp-json\/wp\/v2\/posts"}],"about":[{"href":"https:\/\/faec.org.br\/sistema\/wp-json\/wp\/v2\/types\/post"}],"author":[{"embeddable":true,"href":"https:\/\/faec.org.br\/sistema\/wp-json\/wp\/v2\/users\/1"}],"replies":[{"embeddable":true,"href":"https:\/\/faec.org.br\/sistema\/wp-json\/wp\/v2\/comments?post=16509"}],"version-history":[{"count":1,"href":"https:\/\/faec.org.br\/sistema\/wp-json\/wp\/v2\/posts\/16509\/revisions"}],"predecessor-version":[{"id":16511,"href":"https:\/\/faec.org.br\/sistema\/wp-json\/wp\/v2\/posts\/16509\/revisions\/16511"}],"wp:featuredmedia":[{"embeddable":true,"href":"https:\/\/faec.org.br\/sistema\/wp-json\/wp\/v2\/media\/16510"}],"wp:attachment":[{"href":"https:\/\/faec.org.br\/sistema\/wp-json\/wp\/v2\/media?parent=16509"}],"wp:term":[{"taxonomy":"category","embeddable":true,"href":"https:\/\/faec.org.br\/sistema\/wp-json\/wp\/v2\/categories?post=16509"},{"taxonomy":"post_tag","embeddable":true,"href":"https:\/\/faec.org.br\/sistema\/wp-json\/wp\/v2\/tags?post=16509"}],"curies":[{"name":"wp","href":"https:\/\/api.w.org\/{rel}","templated":true}]}}