{"id":16492,"date":"2023-03-09T16:12:30","date_gmt":"2023-03-09T19:12:30","guid":{"rendered":"http:\/\/faec.org.br\/sistema\/?p=16492"},"modified":"2023-03-09T16:12:30","modified_gmt":"2023-03-09T19:12:30","slug":"ministro-da-pesca-e-aquicultura-confirma-presenca-no-pec-nordeste-2023","status":"publish","type":"post","link":"https:\/\/faec.org.br\/sistema\/ministro-da-pesca-e-aquicultura-confirma-presenca-no-pec-nordeste-2023\/","title":{"rendered":"Ministro da Pesca e Aquicultura confirma presen\u00e7a no PEC Nordeste 2023"},"content":{"rendered":"<p><img loading=\"lazy\" decoding=\"async\" class=\"size-medium wp-image-16495 alignleft\" src=\"http:\/\/faec.org.br\/sistema\/wp-content\/uploads\/2023\/03\/camaraobsb1-300x200.jpg\" alt=\"\" width=\"300\" height=\"200\" srcset=\"https:\/\/faec.org.br\/sistema\/wp-content\/uploads\/2023\/03\/camaraobsb1-300x200.jpg 300w, https:\/\/faec.org.br\/sistema\/wp-content\/uploads\/2023\/03\/camaraobsb1-768x512.jpg 768w, https:\/\/faec.org.br\/sistema\/wp-content\/uploads\/2023\/03\/camaraobsb1-1536x1023.jpg 1536w, https:\/\/faec.org.br\/sistema\/wp-content\/uploads\/2023\/03\/camaraobsb1-24x16.jpg 24w, https:\/\/faec.org.br\/sistema\/wp-content\/uploads\/2023\/03\/camaraobsb1-36x24.jpg 36w, https:\/\/faec.org.br\/sistema\/wp-content\/uploads\/2023\/03\/camaraobsb1-48x32.jpg 48w, https:\/\/faec.org.br\/sistema\/wp-content\/uploads\/2023\/03\/camaraobsb1.jpg 1600w\" sizes=\"auto, (max-width: 300px) 100vw, 300px\" \/>O presidente da Federa\u00e7\u00e3o da Agricultura e Pecu\u00e1ria do Estado do Cear\u00e1 (Faec), Am\u00edlcar Silveira, se reuniu, nesta quarta (8), em Bras\u00edlia (DF), com o ministro Andr\u00e9 de Paula (Pesca e Aquicultura) para tratar de pautas do segmento da carcinicultura. Na ocasi\u00e3o, o ministro confirmou presen\u00e7a no PEC Nordeste 2023, que neste ano contar\u00e1 com um espa\u00e7o dedicado aos produtores de camar\u00e3o, a ExpoCamar\u00e3o.<\/p>\n<p>Entre as pautas apresentadas a Andr\u00e9 de Paula pela Faec e pela Associa\u00e7\u00e3o dos Produtores de Camar\u00e3o do Cear\u00e1 (APCC) est\u00e3o:<\/p>\n<p><em>&#8211; O retorno das exporta\u00e7\u00f5es de camar\u00e3o de cultivo para Europa e abertura do mercado da China;<\/em><\/p>\n<p><em>&#8211; Isen\u00e7\u00e3o de PIS e Cofins para a cadeia produtiva da carcinicultura;<\/em><\/p>\n<p><em>&#8211; E a observa\u00e7\u00e3o da Instru\u00e7\u00e3o Normativa 02\/2018, nas autoriza\u00e7\u00f5es de importa\u00e7\u00f5es de pescados para o Brasil.<\/em><\/p>\n<p>Tamb\u00e9m participaram do encontro o presidente da Camar\u00e3o Potipor\u00e3, Cristiano Maia; o deputado federal Domingos Neto, e o produtor Henrique Almeida.<\/p>\n<p><strong>PEC Nordeste 2023<\/strong><br \/>\nMaior feira de agroneg\u00f3cio do Norte e Nordeste, e uma das maiores do Brasil, o PEC Nordeste 2023 ser\u00e1 realizado de 15 a 17 de junho no Centro de Eventos do Cear\u00e1. Ao todo ser\u00e3o 440 stands para expositores, dos quais 120 ser\u00e3o voltados apenas para a ExpoCamar\u00e3o, que al\u00e9m da exposi\u00e7\u00e3o, vai contar com espa\u00e7o gastron\u00f4mico e programa\u00e7\u00e3o variada com direito a palestras, simp\u00f3sios, mesas redondas e visitas t\u00e9cnicas.<\/p>\n","protected":false},"excerpt":{"rendered":"<p>O presidente da Federa\u00e7\u00e3o da Agricultura e Pecu\u00e1ria do Estado do Cear\u00e1 (Faec), Am\u00edlcar Silveira, se reuniu, nesta quarta (8), em Bras\u00edlia (DF), com o ministro Andr\u00e9 de Paula (Pesca e Aquicultura) para tratar de pautas do segmento da carcinicultura. Na ocasi\u00e3o, o ministro confirmou presen\u00e7a no PEC Nordeste 2023, que neste ano contar\u00e1 com [&hellip;]<\/p>\n","protected":false},"author":1,"featured_media":16493,"comment_status":"open","ping_status":"open","sticky":false,"template":"","format":"standard","meta":{"footnotes":"","_links_to":"","_links_to_target":""},"categories":[5],"tags":[295],"class_list":{"0":"post-16492","1":"post","2":"type-post","3":"status-publish","4":"format-standard","5":"has-post-thumbnail","7":"category-noticias","8":"tag-pecnordeste-camarao","9":"czr-hentry"},"aioseo_notices":[],"_links":{"self":[{"href":"https:\/\/faec.org.br\/sistema\/wp-json\/wp\/v2\/posts\/16492","targetHints":{"allow":["GET"]}}],"collection":[{"href":"https:\/\/faec.org.br\/sistema\/wp-json\/wp\/v2\/posts"}],"about":[{"href":"https:\/\/faec.org.br\/sistema\/wp-json\/wp\/v2\/types\/post"}],"author":[{"embeddable":true,"href":"https:\/\/faec.org.br\/sistema\/wp-json\/wp\/v2\/users\/1"}],"replies":[{"embeddable":true,"href":"https:\/\/faec.org.br\/sistema\/wp-json\/wp\/v2\/comments?post=16492"}],"version-history":[{"count":1,"href":"https:\/\/faec.org.br\/sistema\/wp-json\/wp\/v2\/posts\/16492\/revisions"}],"predecessor-version":[{"id":16496,"href":"https:\/\/faec.org.br\/sistema\/wp-json\/wp\/v2\/posts\/16492\/revisions\/16496"}],"wp:featuredmedia":[{"embeddable":true,"href":"https:\/\/faec.org.br\/sistema\/wp-json\/wp\/v2\/media\/16493"}],"wp:attachment":[{"href":"https:\/\/faec.org.br\/sistema\/wp-json\/wp\/v2\/media?parent=16492"}],"wp:term":[{"taxonomy":"category","embeddable":true,"href":"https:\/\/faec.org.br\/sistema\/wp-json\/wp\/v2\/categories?post=16492"},{"taxonomy":"post_tag","embeddable":true,"href":"https:\/\/faec.org.br\/sistema\/wp-json\/wp\/v2\/tags?post=16492"}],"curies":[{"name":"wp","href":"https:\/\/api.w.org\/{rel}","templated":true}]}}