{"id":16463,"date":"2023-02-24T11:57:16","date_gmt":"2023-02-24T14:57:16","guid":{"rendered":"http:\/\/faec.org.br\/sistema\/?p=16463"},"modified":"2023-02-24T11:57:16","modified_gmt":"2023-02-24T14:57:16","slug":"senar-ceara-abre-edital-para-servico-de-consultoria-tecnica","status":"publish","type":"post","link":"https:\/\/faec.org.br\/sistema\/senar-ceara-abre-edital-para-servico-de-consultoria-tecnica\/","title":{"rendered":"Senar Cear\u00e1 abre edital para servi\u00e7o de consultoria t\u00e9cnica"},"content":{"rendered":"<p><img loading=\"lazy\" decoding=\"async\" class=\"size-medium wp-image-16464 alignleft\" src=\"http:\/\/faec.org.br\/sistema\/wp-content\/uploads\/2023\/02\/apicultura-300x225.jpg\" alt=\"\" width=\"300\" height=\"225\" srcset=\"https:\/\/faec.org.br\/sistema\/wp-content\/uploads\/2023\/02\/apicultura-300x225.jpg 300w, https:\/\/faec.org.br\/sistema\/wp-content\/uploads\/2023\/02\/apicultura-1440x1080.jpg 1440w, https:\/\/faec.org.br\/sistema\/wp-content\/uploads\/2023\/02\/apicultura-768x576.jpg 768w, https:\/\/faec.org.br\/sistema\/wp-content\/uploads\/2023\/02\/apicultura-1536x1152.jpg 1536w, https:\/\/faec.org.br\/sistema\/wp-content\/uploads\/2023\/02\/apicultura-24x18.jpg 24w, https:\/\/faec.org.br\/sistema\/wp-content\/uploads\/2023\/02\/apicultura-36x27.jpg 36w, https:\/\/faec.org.br\/sistema\/wp-content\/uploads\/2023\/02\/apicultura-48x36.jpg 48w, https:\/\/faec.org.br\/sistema\/wp-content\/uploads\/2023\/02\/apicultura.jpg 2048w\" sizes=\"auto, (max-width: 300px) 100vw, 300px\" \/>O Servi\u00e7o Nacional de Aprendizagem Rural no Cear\u00e1 (Senar\/CE) abriu edital para contrata\u00e7\u00e3o de consultoria t\u00e9cnica em seis \u00e1reas: aquicultura, agricultura, pecu\u00e1ria, agroind\u00fastria, regulariza\u00e7\u00e3o ambiental e regulariza\u00e7\u00e3o agr\u00e1ria. O edital tem vig\u00eancia por prazo indeterminado, sendo as inscri\u00e7\u00f5es permanentes e gratuitas.<\/p>\n<p>O credenciamento \u00e9 exclusivo para pessoa jur\u00eddica. Os profissionais habilitados dever\u00e3o ter n\u00edvel superior, regulariza\u00e7\u00e3o no conselho de classe e comprovar experi\u00eancia na respectiva \u00e1rea. O credenciado deve ter disponibilidade para atuar em todo o Estado do Cear\u00e1 (zona rural e urbana).<\/p>\n<p><strong>Veja as atribui\u00e7\u00f5es para cada \u00e1rea:<\/strong><\/p>\n<p><strong>Aquicultura<\/strong>: Implanta\u00e7\u00e3o de sistemas de produ\u00e7\u00e3o e melhoria de processos produtivos.<\/p>\n<p><strong>Agricultura<\/strong>: Prestar consultoria na adequa\u00e7\u00e3o aos manejos de solo, fitossanit\u00e1rio, reprodutivo, irriga\u00e7\u00e3o, colheita e p\u00f3s-colheita, implanta\u00e7\u00e3o de sistemas de produ\u00e7\u00e3o e regulamenta\u00e7\u00e3o da produ\u00e7\u00e3o org\u00e2nica.<\/p>\n<p><strong>Pecu\u00e1ria<\/strong>: Adequa\u00e7\u00e3o \u00e0s pr\u00e1ticas de manejo alimentar, sanit\u00e1rio e reprodutivo. Implanta\u00e7\u00e3o de suporte forrageiro e infraestrutura. Melhoria dos processos produtivos e aumento na qualidade e quantidade da produ\u00e7\u00e3o animal.<\/p>\n<p><strong>Regulariza\u00e7\u00e3o Ambiental<\/strong>: Elabora\u00e7\u00e3o de documentos para solicita\u00e7\u00e3o de licen\u00e7a ambiental. Elabora\u00e7\u00e3o de relat\u00f3rio PCA e inscri\u00e7\u00e3o no CAR.<\/p>\n<p><strong>Regulariza\u00e7\u00e3o Agr\u00e1ria<\/strong>: Auxiliar produtores rurais nos tr\u00e2mites e processos junto aos \u00f3rg\u00e3os pertinentes \u00e0 regulariza\u00e7\u00e3o fiscal e tribut\u00e1ria, fundi\u00e1ria e previdenci\u00e1ria.<\/p>\n<p><strong>Agroind\u00fastria<\/strong>: Adequa\u00e7\u00e3o \u00e0s boas pr\u00e1ticas de beneficiamento em casas de mel. Adequa\u00e7\u00e3o de agroind\u00fastrias aos servi\u00e7os de inspe\u00e7\u00e3o de produtos de origem animal e\/ou vegetal.<\/p>\n<p>Para mais informa\u00e7\u00f5es acesse <a href=\"http:\/\/www.senarce.org.br\">www.senarce.org.br<\/a><\/p>\n","protected":false},"excerpt":{"rendered":"<p>O Servi\u00e7o Nacional de Aprendizagem Rural no Cear\u00e1 (Senar\/CE) abriu edital para contrata\u00e7\u00e3o de consultoria t\u00e9cnica em seis \u00e1reas: aquicultura, agricultura, pecu\u00e1ria, agroind\u00fastria, regulariza\u00e7\u00e3o ambiental e regulariza\u00e7\u00e3o agr\u00e1ria. O edital tem vig\u00eancia por prazo indeterminado, sendo as inscri\u00e7\u00f5es permanentes e gratuitas. O credenciamento \u00e9 exclusivo para pessoa jur\u00eddica. Os profissionais habilitados dever\u00e3o ter n\u00edvel superior, [&hellip;]<\/p>\n","protected":false},"author":1,"featured_media":16464,"comment_status":"open","ping_status":"open","sticky":false,"template":"","format":"standard","meta":{"footnotes":"","_links_to":"","_links_to_target":""},"categories":[5],"tags":[290],"class_list":{"0":"post-16463","1":"post","2":"type-post","3":"status-publish","4":"format-standard","5":"has-post-thumbnail","7":"category-noticias","8":"tag-senar-consultoria-edital","9":"czr-hentry"},"aioseo_notices":[],"_links":{"self":[{"href":"https:\/\/faec.org.br\/sistema\/wp-json\/wp\/v2\/posts\/16463","targetHints":{"allow":["GET"]}}],"collection":[{"href":"https:\/\/faec.org.br\/sistema\/wp-json\/wp\/v2\/posts"}],"about":[{"href":"https:\/\/faec.org.br\/sistema\/wp-json\/wp\/v2\/types\/post"}],"author":[{"embeddable":true,"href":"https:\/\/faec.org.br\/sistema\/wp-json\/wp\/v2\/users\/1"}],"replies":[{"embeddable":true,"href":"https:\/\/faec.org.br\/sistema\/wp-json\/wp\/v2\/comments?post=16463"}],"version-history":[{"count":1,"href":"https:\/\/faec.org.br\/sistema\/wp-json\/wp\/v2\/posts\/16463\/revisions"}],"predecessor-version":[{"id":16465,"href":"https:\/\/faec.org.br\/sistema\/wp-json\/wp\/v2\/posts\/16463\/revisions\/16465"}],"wp:featuredmedia":[{"embeddable":true,"href":"https:\/\/faec.org.br\/sistema\/wp-json\/wp\/v2\/media\/16464"}],"wp:attachment":[{"href":"https:\/\/faec.org.br\/sistema\/wp-json\/wp\/v2\/media?parent=16463"}],"wp:term":[{"taxonomy":"category","embeddable":true,"href":"https:\/\/faec.org.br\/sistema\/wp-json\/wp\/v2\/categories?post=16463"},{"taxonomy":"post_tag","embeddable":true,"href":"https:\/\/faec.org.br\/sistema\/wp-json\/wp\/v2\/tags?post=16463"}],"curies":[{"name":"wp","href":"https:\/\/api.w.org\/{rel}","templated":true}]}}