{"id":16414,"date":"2023-01-16T08:04:51","date_gmt":"2023-01-16T11:04:51","guid":{"rendered":"http:\/\/faec.org.br\/sistema\/?p=16414"},"modified":"2023-01-16T08:04:51","modified_gmt":"2023-01-16T11:04:51","slug":"pec-nordeste-2023-marca-estreia-da-expocamarao","status":"publish","type":"post","link":"https:\/\/faec.org.br\/sistema\/pec-nordeste-2023-marca-estreia-da-expocamarao\/","title":{"rendered":"PEC Nordeste 2023 marca estreia da ExpoCamar\u00e3o"},"content":{"rendered":"<p><img loading=\"lazy\" decoding=\"async\" class=\"size-medium wp-image-16415 alignleft\" src=\"http:\/\/faec.org.br\/sistema\/wp-content\/uploads\/2023\/01\/PEC-NE-2022-300x200.jpg\" alt=\"\" width=\"300\" height=\"200\" srcset=\"https:\/\/faec.org.br\/sistema\/wp-content\/uploads\/2023\/01\/PEC-NE-2022-300x200.jpg 300w, https:\/\/faec.org.br\/sistema\/wp-content\/uploads\/2023\/01\/PEC-NE-2022-1620x1080.jpg 1620w, https:\/\/faec.org.br\/sistema\/wp-content\/uploads\/2023\/01\/PEC-NE-2022-768x512.jpg 768w, https:\/\/faec.org.br\/sistema\/wp-content\/uploads\/2023\/01\/PEC-NE-2022-1536x1024.jpg 1536w, https:\/\/faec.org.br\/sistema\/wp-content\/uploads\/2023\/01\/PEC-NE-2022-2048x1365.jpg 2048w, https:\/\/faec.org.br\/sistema\/wp-content\/uploads\/2023\/01\/PEC-NE-2022-24x16.jpg 24w, https:\/\/faec.org.br\/sistema\/wp-content\/uploads\/2023\/01\/PEC-NE-2022-36x24.jpg 36w, https:\/\/faec.org.br\/sistema\/wp-content\/uploads\/2023\/01\/PEC-NE-2022-48x32.jpg 48w\" sizes=\"auto, (max-width: 300px) 100vw, 300px\" \/>A edi\u00e7\u00e3o da PEC Nordeste 2023, que ser\u00e1 realizada de 15 a 17 de junho, ter\u00e1 novidades. Al\u00e9m do aumento em 100% no n\u00famero de stands para expositores, um dos destaques \u00e9 a estreia da ExpoCamar\u00e3o. A exposi\u00e7\u00e3o focada na aquicultura nasceu de uma parceria entre a Federa\u00e7\u00e3o da Agricultura do Estado do Cear\u00e1 (Faec) e a Associa\u00e7\u00e3o dos Produtores de Camar\u00e3o do Cear\u00e1 (APCC).<\/p>\n<p>\u201cA carcinicultura tem crescido bastante no Cear\u00e1, que \u00e9 o maior estado produtor de camar\u00e3o do Brasil. O PEC Nordeste \u00e9 uma ferramenta para a gente mostrar aos \u00f3rg\u00e3os p\u00fablicos e \u00e0 popula\u00e7\u00e3o em geral a \u2018cara\u2019 do setor, al\u00e9m de oportunizar aos participantes da feira palestras t\u00e9cnicas que visam difundir conhecimentos, tecnologias e informa\u00e7\u00f5es que ajudem a fomentar a atividade\u201d, ressalta Luiz Paulo Sampaio Henriques, presidente da APCC.<\/p>\n<p>Para ele, a parceria com a Faec tem trazido bons frutos para a aquicultura cearense. \u201cA federa\u00e7\u00e3o, atrav\u00e9s do presidente Amilcar Silveira, tem sido um parceiro importante no relacionamento junto aos \u00f3rg\u00e3os p\u00fablicos e institui\u00e7\u00f5es de fomento na defesa das demandas dessa atividade\u201d, finalizou.<\/p>\n<p>O presidente da Faec, Am\u00edlcar Silveira, destaca que a inclus\u00e3o da carcinicultura preenche uma lacuna na maior feira agropecu\u00e1ria do Nordeste. \u201cEstamos muito otimistas com a realiza\u00e7\u00e3o da ExpoCamar\u00e3o no PEC Nordeste 2023. A cadeia do camar\u00e3o envolve diversos segmentos do setor produtivo, como o de ra\u00e7\u00f5es e equipamentos, e sua presen\u00e7a na feira ir\u00e1 favorecer a gera\u00e7\u00e3o de neg\u00f3cios para um dos principais setores do agroneg\u00f3cio cearense\u201d.<\/p>\n<p>O PEC Nordeste \u00e9 a maior feira de agroneg\u00f3cio do Norte e Nordeste, e uma das maiores do Brasil. Ao todo ser\u00e3o 440 stands disponibilizados para expositores, dos quais 120 ser\u00e3o voltados apenas para a ExpoCamar\u00e3o, que al\u00e9m da exposi\u00e7\u00e3o, vai contar com espa\u00e7o gastron\u00f4mico e programa\u00e7\u00e3o variada com direito a palestras, simp\u00f3sios, mesas redondas e visitas t\u00e9cnicas.<\/p>\n","protected":false},"excerpt":{"rendered":"<p>A edi\u00e7\u00e3o da PEC Nordeste 2023, que ser\u00e1 realizada de 15 a 17 de junho, ter\u00e1 novidades. Al\u00e9m do aumento em 100% no n\u00famero de stands para expositores, um dos destaques \u00e9 a estreia da ExpoCamar\u00e3o. A exposi\u00e7\u00e3o focada na aquicultura nasceu de uma parceria entre a Federa\u00e7\u00e3o da Agricultura do Estado do Cear\u00e1 (Faec) [&hellip;]<\/p>\n","protected":false},"author":1,"featured_media":16415,"comment_status":"open","ping_status":"open","sticky":false,"template":"","format":"standard","meta":{"footnotes":"","_links_to":"","_links_to_target":""},"categories":[5],"tags":[278],"class_list":{"0":"post-16414","1":"post","2":"type-post","3":"status-publish","4":"format-standard","5":"has-post-thumbnail","7":"category-noticias","8":"tag-pecnordeste","9":"czr-hentry"},"aioseo_notices":[],"_links":{"self":[{"href":"https:\/\/faec.org.br\/sistema\/wp-json\/wp\/v2\/posts\/16414","targetHints":{"allow":["GET"]}}],"collection":[{"href":"https:\/\/faec.org.br\/sistema\/wp-json\/wp\/v2\/posts"}],"about":[{"href":"https:\/\/faec.org.br\/sistema\/wp-json\/wp\/v2\/types\/post"}],"author":[{"embeddable":true,"href":"https:\/\/faec.org.br\/sistema\/wp-json\/wp\/v2\/users\/1"}],"replies":[{"embeddable":true,"href":"https:\/\/faec.org.br\/sistema\/wp-json\/wp\/v2\/comments?post=16414"}],"version-history":[{"count":1,"href":"https:\/\/faec.org.br\/sistema\/wp-json\/wp\/v2\/posts\/16414\/revisions"}],"predecessor-version":[{"id":16416,"href":"https:\/\/faec.org.br\/sistema\/wp-json\/wp\/v2\/posts\/16414\/revisions\/16416"}],"wp:featuredmedia":[{"embeddable":true,"href":"https:\/\/faec.org.br\/sistema\/wp-json\/wp\/v2\/media\/16415"}],"wp:attachment":[{"href":"https:\/\/faec.org.br\/sistema\/wp-json\/wp\/v2\/media?parent=16414"}],"wp:term":[{"taxonomy":"category","embeddable":true,"href":"https:\/\/faec.org.br\/sistema\/wp-json\/wp\/v2\/categories?post=16414"},{"taxonomy":"post_tag","embeddable":true,"href":"https:\/\/faec.org.br\/sistema\/wp-json\/wp\/v2\/tags?post=16414"}],"curies":[{"name":"wp","href":"https:\/\/api.w.org\/{rel}","templated":true}]}}