{"id":16365,"date":"2022-12-16T12:09:14","date_gmt":"2022-12-16T15:09:14","guid":{"rendered":"http:\/\/faec.org.br\/sistema\/?p=16365"},"modified":"2022-12-16T12:49:46","modified_gmt":"2022-12-16T15:49:46","slug":"chuvas-em-2023-cenario-promissor-para-o-produtor-rural-cearense","status":"publish","type":"post","link":"https:\/\/faec.org.br\/sistema\/chuvas-em-2023-cenario-promissor-para-o-produtor-rural-cearense\/","title":{"rendered":"Chuvas em 2023: Cen\u00e1rio promissor para o produtor rural cearense"},"content":{"rendered":"<p><img loading=\"lazy\" decoding=\"async\" class=\"alignleft wp-image-16367\" src=\"http:\/\/faec.org.br\/sistema\/wp-content\/uploads\/2022\/12\/GOPR1604-300x225.jpg\" alt=\"\" width=\"313\" height=\"235\" \/><\/p>\n<p>A Federa\u00e7\u00e3o da Agricultura e Pecu\u00e1ria do Estado do Cear\u00e1 (Faec) realizou, na manh\u00e3 desta sexta-feira (16), um evento voltado para o produtor rural cearense no qual renomados especialistas em quest\u00f5es clim\u00e1ticas apresentaram as perspectivas para 2023. A expectativa \u00e9 otimista, com previs\u00e3o de chuvas acima da m\u00e9dia para os pr\u00f3ximos seis meses.<\/p>\n<p>O evento contou com a participa\u00e7\u00e3o de Luiz Carlos Baldicero Molion, p\u00f3s-doutor em hidrologia de florestas, pesquisador do Instituto Nacional de Pesquisas Espaciais; Francisco de Assis Diniz, consultor clim\u00e1tico, meteorologista e mestre em climatologia; e do presidente da Funda\u00e7\u00e3o Cearense de Meteorologia e Recursos H\u00eddricos (Funceme), Eduardo S\u00e1vio Martins.<\/p>\n<p>Em sua apresenta\u00e7\u00e3o, Luiz Carlos Molion mostrou modelos amparados nos \u00faltimos grandes ciclos clim\u00e1ticos e projetou um cen\u00e1rio otimista para a regi\u00e3o do semi\u00e1rido cearense. \u201cNos pr\u00f3ximos seis meses deve chover bem. E para os pr\u00f3ximos 15 anos, n\u00e3o espero nenhuma grande seca para o Cear\u00e1\u201d, disse. No mesmo sentido, o consultor Francisco de Assis Diniz enviou uma mensagem aos produtores presentes, dizendo que os modelos apontam para \u201cboas condi\u00e7\u00f5es\u201d para chuvas na regi\u00e3o sem a ocorr\u00eancia de estiagem.<\/p>\n<p>O presidente da Faec, Am\u00edlcar Silveira destacou a import\u00e2ncia do evento como uma maneira de auxiliar o produtor rural a planejar seus investimentos para o plantio da safra e antecipar poss\u00edveis preju\u00edzos em caso de estiagem. &#8220;O que n\u00f3s pretendemos \u00e9 mostrar, com a devida anteced\u00eancia, as perspectivas para o clima do Cear\u00e1 para o pr\u00f3ximo ano. E, assim, permitir que os produtores rurais possam se preparar adequadamente&#8221;, disse.<\/p>\n<p>O encontro contou com a participa\u00e7\u00e3o de presidentes dos sindicatos rurais, al\u00e9m de pequenos e grandes produtores da agropecu\u00e1ria cearense. A \u00edntegra das palestras est\u00e1 dispon\u00edvel no <a href=\"https:\/\/www.youtube.com\/@sistemafaecsenarce\">canal da Faec no YouTube<\/a> (link abaixo).<\/p>\n<p><strong>Lan\u00e7amento do PEC Nordeste 2023<\/strong><br \/>\nNa ocasi\u00e3o, foi realizado o lan\u00e7amento do PEC Nordeste 2023, maior feira agropecu\u00e1ria da regi\u00e3o Nordeste, que na pr\u00f3xima edi\u00e7\u00e3o, a ser realizada de 15 a 17 de junho no Centro de Eventos do Cear\u00e1, ter\u00e1 o dobro da \u00e1rea utilizada em 2022 e o dobro de expositores. A expectativa \u00e9 de que, em 2023, o PEC Nordeste realize a maior feira de sua hist\u00f3ria, com a inclus\u00e3o dos segmentos da carcinicultura, floricultura, apicultura, al\u00e9m de um espa\u00e7o para o pets, como c\u00e3es, gatos e peixes ornamentais.<\/p>\n<p><img loading=\"lazy\" decoding=\"async\" class=\" wp-image-16366 aligncenter\" src=\"http:\/\/faec.org.br\/sistema\/wp-content\/uploads\/2022\/12\/cd4c1af1-1b5f-41b7-a420-5da3f3db551b-300x225.jpg\" alt=\"\" width=\"395\" height=\"296\" srcset=\"https:\/\/faec.org.br\/sistema\/wp-content\/uploads\/2022\/12\/cd4c1af1-1b5f-41b7-a420-5da3f3db551b-300x225.jpg 300w, https:\/\/faec.org.br\/sistema\/wp-content\/uploads\/2022\/12\/cd4c1af1-1b5f-41b7-a420-5da3f3db551b-1440x1080.jpg 1440w, https:\/\/faec.org.br\/sistema\/wp-content\/uploads\/2022\/12\/cd4c1af1-1b5f-41b7-a420-5da3f3db551b-768x576.jpg 768w, https:\/\/faec.org.br\/sistema\/wp-content\/uploads\/2022\/12\/cd4c1af1-1b5f-41b7-a420-5da3f3db551b-1536x1152.jpg 1536w, https:\/\/faec.org.br\/sistema\/wp-content\/uploads\/2022\/12\/cd4c1af1-1b5f-41b7-a420-5da3f3db551b-24x18.jpg 24w, https:\/\/faec.org.br\/sistema\/wp-content\/uploads\/2022\/12\/cd4c1af1-1b5f-41b7-a420-5da3f3db551b-36x27.jpg 36w, https:\/\/faec.org.br\/sistema\/wp-content\/uploads\/2022\/12\/cd4c1af1-1b5f-41b7-a420-5da3f3db551b-48x36.jpg 48w, https:\/\/faec.org.br\/sistema\/wp-content\/uploads\/2022\/12\/cd4c1af1-1b5f-41b7-a420-5da3f3db551b.jpg 1600w\" sizes=\"auto, (max-width: 395px) 100vw, 395px\" \/><\/p>\n<p>&#8220;Neste ano, o PEC Nordeste bateu o recorde de p\u00fablico, de estandes e de apoiadores. Ainda assim, muitos empres\u00e1rios e empresas nos procuraram pedindo espa\u00e7o e oportunidade para participar da pr\u00f3xima feira. Decidimos, ent\u00e3o, ampliar o evento, que ter\u00e1 outros elos da cadeia produtiva da agropecu\u00e1ria\u201d, diz Am\u00edlcar Silveira.<\/p>\n<p><strong>Confira a \u00edntegra das apresenta\u00e7\u00f5es no link:<\/strong><br \/>\n<a href=\"https:\/\/www.youtube.com\/watch?v=5lRFmeN6Q4A\">https:\/\/www.youtube.com\/watch?v=5lRFmeN6Q4A<\/a><\/p>\n","protected":false},"excerpt":{"rendered":"<p>A Federa\u00e7\u00e3o da Agricultura e Pecu\u00e1ria do Estado do Cear\u00e1 (Faec) realizou, na manh\u00e3 desta sexta-feira (16), um evento voltado para o produtor rural cearense no qual renomados especialistas em quest\u00f5es clim\u00e1ticas apresentaram as perspectivas para 2023. A expectativa \u00e9 otimista, com previs\u00e3o de chuvas acima da m\u00e9dia para os pr\u00f3ximos seis meses. O evento [&hellip;]<\/p>\n","protected":false},"author":1,"featured_media":16367,"comment_status":"open","ping_status":"open","sticky":false,"template":"","format":"standard","meta":{"footnotes":"","_links_to":"","_links_to_target":""},"categories":[5],"tags":[281],"class_list":{"0":"post-16365","1":"post","2":"type-post","3":"status-publish","4":"format-standard","5":"has-post-thumbnail","7":"category-noticias","8":"tag-clima-pecnordeste","9":"czr-hentry"},"aioseo_notices":[],"_links":{"self":[{"href":"https:\/\/faec.org.br\/sistema\/wp-json\/wp\/v2\/posts\/16365","targetHints":{"allow":["GET"]}}],"collection":[{"href":"https:\/\/faec.org.br\/sistema\/wp-json\/wp\/v2\/posts"}],"about":[{"href":"https:\/\/faec.org.br\/sistema\/wp-json\/wp\/v2\/types\/post"}],"author":[{"embeddable":true,"href":"https:\/\/faec.org.br\/sistema\/wp-json\/wp\/v2\/users\/1"}],"replies":[{"embeddable":true,"href":"https:\/\/faec.org.br\/sistema\/wp-json\/wp\/v2\/comments?post=16365"}],"version-history":[{"count":2,"href":"https:\/\/faec.org.br\/sistema\/wp-json\/wp\/v2\/posts\/16365\/revisions"}],"predecessor-version":[{"id":16370,"href":"https:\/\/faec.org.br\/sistema\/wp-json\/wp\/v2\/posts\/16365\/revisions\/16370"}],"wp:featuredmedia":[{"embeddable":true,"href":"https:\/\/faec.org.br\/sistema\/wp-json\/wp\/v2\/media\/16367"}],"wp:attachment":[{"href":"https:\/\/faec.org.br\/sistema\/wp-json\/wp\/v2\/media?parent=16365"}],"wp:term":[{"taxonomy":"category","embeddable":true,"href":"https:\/\/faec.org.br\/sistema\/wp-json\/wp\/v2\/categories?post=16365"},{"taxonomy":"post_tag","embeddable":true,"href":"https:\/\/faec.org.br\/sistema\/wp-json\/wp\/v2\/tags?post=16365"}],"curies":[{"name":"wp","href":"https:\/\/api.w.org\/{rel}","templated":true}]}}